{"id":11466,"date":"2026-08-06T13:55:16","date_gmt":"2026-08-06T13:55:16","guid":{"rendered":"https:\/\/interpolavukati.com\/como-extraditar-delincuentes-de-turquia-a-alemania\/"},"modified":"2026-08-06T13:55:16","modified_gmt":"2026-08-06T13:55:16","slug":"como-extraditar-delincuentes-de-turquia-a-alemania","status":"publish","type":"post","link":"https:\/\/interpolavukati.com\/es\/como-extraditar-delincuentes-de-turquia-a-alemania\/","title":{"rendered":"\u00bfC\u00f3mo extraditar delincuentes de Turqu\u00eda a Alemania?"},"content":{"rendered":"<article>\n<p><strong>Extradici\u00f3n de Turqu\u00eda a Alemania<\/strong>es la solicitud de las autoridades judiciales turcas para la entrega de Alemania si una persona buscada en Turqu\u00eda est\u00e1 presente en Alemania. Este proceso se lleva a cabo no a trav\u00e9s del sistema de orden de detenci\u00f3n europea, sino a trav\u00e9s del Convenio Europeo de Extradici\u00f3n del que Turqu\u00eda y Alemania son partes, los protocolos adicionales y las leyes nacionales de los dos pa\u00edses.<\/p>\n<p>Bastidor bidireccional general <a href=\"https:\/\/interpolavukati.com\/es\/proceso-de-extradicion-entre-alemania-y-turkiye\/\">Extradici\u00f3n Alemania\u2013Turqu\u00eda<\/a> este art\u00edculo se centra solo en los archivos en los que Turqu\u00eda es el estado solicitante y Alemania es el estado solicitado.<\/p>\n<div id=\"ez-toc-container\" class=\"ez-toc-v2_0_76 counter-hierarchy ez-toc-counter ez-toc-grey ez-toc-container-direction\">\n<div class=\"ez-toc-title-container\">\n<p class=\"ez-toc-title\" style=\"cursor:inherit\">\u0130\u00e7indekiler<\/p>\n<span class=\"ez-toc-title-toggle\"><a href=\"#\" class=\"ez-toc-pull-right ez-toc-btn ez-toc-btn-xs ez-toc-btn-default ez-toc-toggle\" aria-label=\"Alternar tabla de contenidos\"><span class=\"ez-toc-js-icon-con\"><span class=\"\"><span class=\"eztoc-hide\" style=\"display:none;\">Toggle<\/span><span class=\"ez-toc-icon-toggle-span\"><svg style=\"fill: #999;color:#999\" xmlns=\"http:\/\/www.w3.org\/2000\/svg\" class=\"list-377408\" width=\"20px\" height=\"20px\" viewBox=\"0 0 24 24\" fill=\"none\"><path d=\"M6 6H4v2h2V6zm14 0H8v2h12V6zM4 11h2v2H4v-2zm16 0H8v2h12v-2zM4 16h2v2H4v-2zm16 0H8v2h12v-2z\" fill=\"currentColor\"><\/path><\/svg><svg style=\"fill: #999;color:#999\" class=\"arrow-unsorted-368013\" xmlns=\"http:\/\/www.w3.org\/2000\/svg\" width=\"10px\" height=\"10px\" viewBox=\"0 0 24 24\" version=\"1.2\" baseProfile=\"tiny\"><path d=\"M18.2 9.3l-6.2-6.3-6.2 6.3c-.2.2-.3.4-.3.7s.1.5.3.7c.2.2.4.3.7.3h11c.3 0 .5-.1.7-.3.2-.2.3-.5.3-.7s-.1-.5-.3-.7zM5.8 14.7l6.2 6.3 6.2-6.3c.2-.2.3-.5.3-.7s-.1-.5-.3-.7c-.2-.2-.4-.3-.7-.3h-11c-.3 0-.5.1-.7.3-.2.2-.3.5-.3.7s.1.5.3.7z\"\/><\/svg><\/span><\/span><\/span><\/a><\/span><\/div>\n<nav><ul class='ez-toc-list ez-toc-list-level-1 ' ><li class='ez-toc-page-1 ez-toc-heading-level-2'><a class=\"ez-toc-link ez-toc-heading-1\" href=\"https:\/\/interpolavukati.com\/es\/como-extraditar-delincuentes-de-turquia-a-alemania\/#%C2%BFEn_que_circunstancias_Turquia_solicita_una_devolucion_a_Alemania\" >\u00bfEn qu\u00e9 circunstancias Turqu\u00eda solicita una devoluci\u00f3n a Alemania?<\/a><\/li><li class='ez-toc-page-1 ez-toc-heading-level-2'><a class=\"ez-toc-link ez-toc-heading-2\" href=\"https:\/\/interpolavukati.com\/es\/como-extraditar-delincuentes-de-turquia-a-alemania\/#%C2%BFComo_preparar_la_demanda_en_Turquia\" >\u00bfC\u00f3mo preparar la demanda en Turqu\u00eda?<\/a><\/li><li class='ez-toc-page-1 ez-toc-heading-level-2'><a class=\"ez-toc-link ez-toc-heading-3\" href=\"https:\/\/interpolavukati.com\/es\/como-extraditar-delincuentes-de-turquia-a-alemania\/#%C2%BFQue_autoridades_deciden_en_Alemania\" >\u00bfQu\u00e9 autoridades deciden en Alemania?<\/a><\/li><li class='ez-toc-page-1 ez-toc-heading-level-2'><a class=\"ez-toc-link ez-toc-heading-4\" href=\"https:\/\/interpolavukati.com\/es\/como-extraditar-delincuentes-de-turquia-a-alemania\/#%C2%BFQue_revisa_Alemania_en_su_solicitud_de_extradicion\" >\u00bfQu\u00e9 revisa Alemania en su solicitud de extradici\u00f3n?<\/a><\/li><li class='ez-toc-page-1 ez-toc-heading-level-2'><a class=\"ez-toc-link ez-toc-heading-5\" href=\"https:\/\/interpolavukati.com\/es\/como-extraditar-delincuentes-de-turquia-a-alemania\/#%C2%BFPor_que_motivos_se_puede_rechazar_la_solicitud_de_Turquia\" >\u00bfPor qu\u00e9 motivos se puede rechazar la solicitud de Turqu\u00eda?<\/a><\/li><li class='ez-toc-page-1 ez-toc-heading-level-2'><a class=\"ez-toc-link ez-toc-heading-6\" href=\"https:\/\/interpolavukati.com\/es\/como-extraditar-delincuentes-de-turquia-a-alemania\/#Detencion_provisional_y_registro_en_Interpol\" >Detenci\u00f3n provisional y registro en Interpol<\/a><\/li><li class='ez-toc-page-1 ez-toc-heading-level-2'><a class=\"ez-toc-link ez-toc-heading-7\" href=\"https:\/\/interpolavukati.com\/es\/como-extraditar-delincuentes-de-turquia-a-alemania\/#%C2%BFDentro_de_que_fronteras_es_juzgada_la_persona_devuelta_en_Turquia\" >\u00bfDentro de qu\u00e9 fronteras es juzgada la persona devuelta en Turqu\u00eda?<\/a><\/li><li class='ez-toc-page-1 ez-toc-heading-level-2'><a class=\"ez-toc-link ez-toc-heading-8\" href=\"https:\/\/interpolavukati.com\/es\/como-extraditar-delincuentes-de-turquia-a-alemania\/#Recursos_en_Alemania_y_solicitudes_en_Turquia\" >Recursos en Alemania y solicitudes en Turqu\u00eda<\/a><\/li><li class='ez-toc-page-1 ez-toc-heading-level-2'><a class=\"ez-toc-link ez-toc-heading-9\" href=\"https:\/\/interpolavukati.com\/es\/como-extraditar-delincuentes-de-turquia-a-alemania\/#Preguntas_Mas_Frecuentes\" >Preguntas M\u00e1s Frecuentes<\/a><ul class='ez-toc-list-level-3' ><li class='ez-toc-heading-level-3'><a class=\"ez-toc-link ez-toc-heading-10\" href=\"https:\/\/interpolavukati.com\/es\/como-extraditar-delincuentes-de-turquia-a-alemania\/#%C2%BFPuede_Turquia_traer_a_una_persona_directamente_a_Alemania\" >\u00bfPuede Turqu\u00eda traer a una persona directamente a Alemania?<\/a><\/li><li class='ez-toc-page-1 ez-toc-heading-level-3'><a class=\"ez-toc-link ez-toc-heading-11\" href=\"https:\/\/interpolavukati.com\/es\/como-extraditar-delincuentes-de-turquia-a-alemania\/#%C2%BFSe_aplica_la_orden_de_detencion_europea_a_Turquia\" >\u00bfSe aplica la orden de detenci\u00f3n europea a Turqu\u00eda?<\/a><\/li><li class='ez-toc-page-1 ez-toc-heading-level-3'><a class=\"ez-toc-link ez-toc-heading-12\" href=\"https:\/\/interpolavukati.com\/es\/como-extraditar-delincuentes-de-turquia-a-alemania\/#%C2%BFSe_puede_devolver_a_un_ciudadano_aleman_a_Turquia\" >\u00bfSe puede devolver a un ciudadano alem\u00e1n a Turqu\u00eda?<\/a><\/li><li class='ez-toc-page-1 ez-toc-heading-level-3'><a class=\"ez-toc-link ez-toc-heading-13\" href=\"https:\/\/interpolavukati.com\/es\/como-extraditar-delincuentes-de-turquia-a-alemania\/#%C2%BFLa_notificacion_roja_es_suficiente_para_el_arresto_en_Alemania\" >\u00bfLa notificaci\u00f3n roja es suficiente para el arresto en Alemania?<\/a><\/li><li class='ez-toc-page-1 ez-toc-heading-level-3'><a class=\"ez-toc-link ez-toc-heading-14\" href=\"https:\/\/interpolavukati.com\/es\/como-extraditar-delincuentes-de-turquia-a-alemania\/#%C2%BFSe_puede_utilizar_la_pena_impuesta_en_rebeldia_para_la_devolucion\" >\u00bfSe puede utilizar la pena impuesta en rebeld\u00eda para la devoluci\u00f3n?<\/a><\/li><li class='ez-toc-page-1 ez-toc-heading-level-3'><a class=\"ez-toc-link ez-toc-heading-15\" href=\"https:\/\/interpolavukati.com\/es\/como-extraditar-delincuentes-de-turquia-a-alemania\/#Si_Alemania_rechaza_la_solicitud_de_extradicion_%C2%BFterminara_el_caso\" >Si Alemania rechaza la solicitud de extradici\u00f3n, \u00bfterminar\u00e1 el caso?<\/a><\/li><li class='ez-toc-page-1 ez-toc-heading-level-3'><a class=\"ez-toc-link ez-toc-heading-16\" href=\"https:\/\/interpolavukati.com\/es\/como-extraditar-delincuentes-de-turquia-a-alemania\/#%C2%BFPuede_la_persona_extraditada_ser_acusada_de_cualquier_otro_delito\" >\u00bfPuede la persona extraditada ser acusada de cualquier otro delito?<\/a><\/li><\/ul><\/li><\/ul><\/nav><\/div>\n<h2><span class=\"ez-toc-section\" id=\"%C2%BFEn_que_circunstancias_Turquia_solicita_una_devolucion_a_Alemania\"><\/span>\u00bfEn qu\u00e9 circunstancias Turqu\u00eda solicita una devoluci\u00f3n a Alemania?<span class=\"ez-toc-section-end\"><\/span><\/h2>\n<p>Se puede solicitar la extradici\u00f3n para la conclusi\u00f3n de la investigaci\u00f3n o enjuiciamiento llevado a cabo en Turqu\u00eda o para la ejecuci\u00f3n de la sentencia de prisi\u00f3n definitiva. De conformidad con el art\u00edculo 22 de la Ley N \u00b0 6706, debe haber una orden de arresto u orden de arresto para la persona. El l\u00edmite superior del delito en la investigaci\u00f3n o enjuiciamiento debe ser de al menos un a\u00f1o de prisi\u00f3n; en la sentencia definitiva, se solicita al menos cuatro meses de prisi\u00f3n.<\/p>\n<p>El Convenio Europeo de Extradici\u00f3n tambi\u00e9n se basa en actos que requieren una pena de al menos un a\u00f1o de libertad en ambos estados; la pena restante en las solicitudes de ejecuci\u00f3n debe cumplir con el umbral en el contrato. En el expediente se comprueban conjuntamente las condiciones tanto en la legislaci\u00f3n turca como en el contrato.<\/p>\n<h2><span class=\"ez-toc-section\" id=\"%C2%BFComo_preparar_la_demanda_en_Turquia\"><\/span>\u00bfC\u00f3mo preparar la demanda en Turqu\u00eda?<span class=\"ez-toc-section-end\"><\/span><\/h2>\n<ol>\n<li>La oficina del fiscal o el tribunal determina la orden de arresto v\u00e1lida y la conexi\u00f3n de la persona con Alemania.<\/li>\n<li>La comisi\u00f3n del delito est\u00e1 escrita en sentencias cortas, cronol\u00f3gicas y concretas en la solicitud.<\/li>\n<li>Se a\u00f1aden orden de detenci\u00f3n, textos legales, prescripci\u00f3n, identidad y resumen de pruebas.<\/li>\n<li>Se preparan las traducciones necesarias y se env\u00eda el documento al Ministerio de Justicia.<\/li>\n<li>La autoridad central examinar\u00e1 la solicitud y la remitir\u00e1 a las autoridades alemanas si lo considera oportuno.<\/li>\n<\/ol>\n<p>En la solicitud, se debe utilizar el nombre completo de las leyes en lugar de solo abreviaturas como &#8220;TCK&#8221; o &#8220;CMK&#8221;. Si hay una condena dictada en rebeld\u00eda, tambi\u00e9n se revelan las garant\u00edas de rejuicio y defensa de la persona.<\/p>\n<h2><span class=\"ez-toc-section\" id=\"%C2%BFQue_autoridades_deciden_en_Alemania\"><\/span>\u00bfQu\u00e9 autoridades deciden en Alemania?<span class=\"ez-toc-section-end\"><\/span><\/h2>\n<p>En Alemania, la extradici\u00f3n se examina en el marco de la Ley de Justicia Penal Internacional y el Convenio Europeo de Extradici\u00f3n. La fiscal\u00eda y el tribunal supremo estatal competente eval\u00faan la admisibilidad del expediente; la decisi\u00f3n de entrega tambi\u00e9n requiere el proceso de las autoridades federales competentes. El lugar y la oficina se pueden determinar de acuerdo con el estado en el que se encuentra la persona en Alemania.<\/p>\n<p>Dado que Turqu\u00eda no es miembro de la UE, la orden de detenci\u00f3n europea no se aplica directamente a la solicitud de Turqu\u00eda. Esta distinci\u00f3n es importante para no confundir las reglas de entrega simplificadas dentro de la UE con el procedimiento de devoluci\u00f3n cl\u00e1sico.<\/p>\n<h2><span class=\"ez-toc-section\" id=\"%C2%BFQue_revisa_Alemania_en_su_solicitud_de_extradicion\"><\/span>\u00bfQu\u00e9 revisa Alemania en su solicitud de extradici\u00f3n?<span class=\"ez-toc-section-end\"><\/span><\/h2>\n<table>\n<thead>\n<tr>\n<th>Revisi\u00f3n<\/th>\n<th>Pregunta b\u00e1sica<\/th>\n<\/tr>\n<\/thead>\n<tbody>\n<tr>\n<td>Doble punibilidad<\/td>\n<td>\u00bfEl acto tambi\u00e9n es un delito en la ley alemana?<\/td>\n<\/tr>\n<tr>\n<td>Umbral de penalizaci\u00f3n<\/td>\n<td>\u00bfEl peso m\u00ednimo est\u00e1 previsto en el contrato?<\/td>\n<\/tr>\n<tr>\n<td>Ciudadano<\/td>\n<td>\u00bfEs la persona un ciudadano alem\u00e1n y existe un impedimento constitucional?<\/td>\n<\/tr>\n<tr>\n<td>Derechos<\/td>\n<td>\u00bfExiste un riesgo concreto de juicio justo o malos tratos?<\/td>\n<\/tr>\n<tr>\n<td>Pol\u00edtica de funciones<\/td>\n<td>\u00bfLa persona ser\u00e1 procesada solo por los delitos de la demanda?<\/td>\n<\/tr>\n<\/tbody>\n<\/table>\n<p>La extradici\u00f3n de ciudadanos alemanes a un estado fuera de la UE no es, por regla general, posible en virtud de la Constituci\u00f3n alemana; se prev\u00e9n excepciones limitadas para los estados miembros de la UE y los tribunales internacionales. Por lo tanto, se debe documentar la doble ciudadan\u00eda y la fecha de adquisici\u00f3n de la ciudadan\u00eda.<\/p>\n<h2><span class=\"ez-toc-section\" id=\"%C2%BFPor_que_motivos_se_puede_rechazar_la_solicitud_de_Turquia\"><\/span>\u00bfPor qu\u00e9 motivos se puede rechazar la solicitud de Turqu\u00eda?<span class=\"ez-toc-section-end\"><\/span><\/h2>\n<p>El delito pol\u00edtico, la decisi\u00f3n final sobre el mismo acto, la prescripci\u00f3n, el enjuiciamiento discriminatorio y el riesgo para los derechos humanos pueden ser motivos de rechazo. En las sentencias dictadas en rebeld\u00eda, es de particular importancia si el derecho de defensa se ejerce realmente y si existe una garant\u00eda de reapertura del juicio.<\/p>\n<p>Las autoridades alemanas analizan el caso concreto en lugar del nombre de la acusaci\u00f3n en la ley turca. En los casos relacionados con comunicados de prensa, uso compartido de redes sociales o actividad pol\u00edtica, se puede examinar en detalle si el delito es de naturaleza ordinaria o pol\u00edtica.<\/p>\n<h2><span class=\"ez-toc-section\" id=\"Detencion_provisional_y_registro_en_Interpol\"><\/span>Detenci\u00f3n provisional y registro en Interpol<span class=\"ez-toc-section-end\"><\/span><\/h2>\n<p>Se puede enviar una solicitud de arresto temporal urgente antes de que se complete el documento oficial de devoluci\u00f3n. <a href=\"https:\/\/interpolavukati.com\/es\/aviso-rojo\/\">Aviso rojo<\/a> No es una orden de arresto autom\u00e1tica para las autoridades alemanas; se procesa de acuerdo con los t\u00e9rminos de la decisi\u00f3n y el contrato nacionales. Para la continuaci\u00f3n de la detenci\u00f3n, los documentos oficiales deber\u00e1n ser recibidos dentro del plazo especificado en el contrato.<\/p>\n<p>La ausencia de un riesgo de evasi\u00f3n de la residencia fija, el trabajo, los lazos familiares y la entrega se puede utilizar para evaluar medidas m\u00e1s ligeras. <a href=\"https:\/\/interpolavukati.com\/es\/notificaciones-de-interpol\/\">Tipos de notificaci\u00f3n de Interpol<\/a> y el arresto por extradici\u00f3n nacional no tienen las mismas consecuencias legales.<\/p>\n<h2><span class=\"ez-toc-section\" id=\"%C2%BFDentro_de_que_fronteras_es_juzgada_la_persona_devuelta_en_Turquia\"><\/span>\u00bfDentro de qu\u00e9 fronteras es juzgada la persona devuelta en Turqu\u00eda?<span class=\"ez-toc-section-end\"><\/span><\/h2>\n<p>De acuerdo con el principio de car\u00e1cter, la persona no puede ser juzgada o ejecutada por otro delito cometido antes de la extradici\u00f3n sin el consentimiento de Alemania y no incluido en la solicitud. En el caso de que el nombre se cambie posteriormente, se comprueba si la nueva calificaci\u00f3n legal es adecuada para su devoluci\u00f3n.<\/p>\n<p>La detenci\u00f3n y el juicio en Turqu\u00eda despu\u00e9s de la entrega est\u00e1n sujetos a las disposiciones del C\u00f3digo de Procedimiento Penal. La decisi\u00f3n de extradici\u00f3n no prueba la culpabilidad; persisten la presunci\u00f3n de inocencia y los derechos de defensa.<\/p>\n<h2><span class=\"ez-toc-section\" id=\"Recursos_en_Alemania_y_solicitudes_en_Turquia\"><\/span>Recursos en Alemania y solicitudes en Turqu\u00eda<span class=\"ez-toc-section-end\"><\/span><\/h2>\n<p>Las solicitudes contra la admisibilidad de la devoluci\u00f3n se realizan en Alemania de conformidad con la legislaci\u00f3n alemana. En Turqu\u00eda, los procedimientos penales pertinentes pueden utilizarse contra \u00f3rdenes de detenci\u00f3n, sentencias o investigaciones. <a href=\"https:\/\/interpolavukati.com\/es\/como-oponerse-a-una-solicitud-de-extradicion-en-turquia\/\">Objeci\u00f3n a la solicitud de extradici\u00f3n en Turqu\u00eda<\/a> dado que la p\u00e1gina describe las solicitudes en la direcci\u00f3n opuesta, los dos procesos no deben confundirse.<\/p>\n<p>Si los datos de Interpol no est\u00e1n actualizados o son incompatibles con el prop\u00f3sito de la devoluci\u00f3n, la solicitud de CCF tambi\u00e9n puede estar en el orden del d\u00eda. Examinar el expediente turco, el documento de extradici\u00f3n alem\u00e1n y el expediente de Interpol junto con la abogada Esra Aslan <a href=\"https:\/\/interpolavukati.com\/es\/ponte-en-contacto-con\/\">transmisible<\/a>estrategia de las especies m\u00e1s relevantes<\/p>\n<h2><span class=\"ez-toc-section\" id=\"Preguntas_Mas_Frecuentes\"><\/span>Preguntas M\u00e1s Frecuentes<span class=\"ez-toc-section-end\"><\/span><\/h2>\n<h3><span class=\"ez-toc-section\" id=\"%C2%BFPuede_Turquia_traer_a_una_persona_directamente_a_Alemania\"><\/span>\u00bfPuede Turqu\u00eda traer a una persona directamente a Alemania?<span class=\"ez-toc-section-end\"><\/span><\/h3>\n<p>No. Se debe enviar una solicitud formal de extradici\u00f3n a las autoridades alemanas de acuerdo con el contrato y la ley alemana.<\/p>\n<h3><span class=\"ez-toc-section\" id=\"%C2%BFSe_aplica_la_orden_de_detencion_europea_a_Turquia\"><\/span>\u00bfSe aplica la orden de detenci\u00f3n europea a Turqu\u00eda?<span class=\"ez-toc-section-end\"><\/span><\/h3>\n<p>Dado que Turqu\u00eda no es miembro de la UE, el sistema cl\u00e1sico de retorno se aplica a la solicitud de Turqu\u00eda a Alemania, no a la orden de detenci\u00f3n europea.<\/p>\n<h3><span class=\"ez-toc-section\" id=\"%C2%BFSe_puede_devolver_a_un_ciudadano_aleman_a_Turquia\"><\/span>\u00bfSe puede devolver a un ciudadano alem\u00e1n a Turqu\u00eda?<span class=\"ez-toc-section-end\"><\/span><\/h3>\n<p>La Constituci\u00f3n alemana, por regla general, impide la extradici\u00f3n de ciudadanos alemanes a estados fuera de la UE.<\/p>\n<h3><span class=\"ez-toc-section\" id=\"%C2%BFLa_notificacion_roja_es_suficiente_para_el_arresto_en_Alemania\"><\/span>\u00bfLa notificaci\u00f3n roja es suficiente para el arresto en Alemania?<span class=\"ez-toc-section-end\"><\/span><\/h3>\n<p>No tiene consecuencias autom\u00e1ticas por s\u00ed sola; las autoridades alemanas deciden de acuerdo con la legislaci\u00f3n nacional y los t\u00e9rminos contractuales.<\/p>\n<h3><span class=\"ez-toc-section\" id=\"%C2%BFSe_puede_utilizar_la_pena_impuesta_en_rebeldia_para_la_devolucion\"><\/span>\u00bfSe puede utilizar la pena impuesta en rebeld\u00eda para la devoluci\u00f3n?<span class=\"ez-toc-section-end\"><\/span><\/h3>\n<p>Se puede utilizar; sin embargo, el derecho de defensa y la garant\u00eda de un nuevo juicio cuando sea necesario se examinan en detalle.<\/p>\n<h3><span class=\"ez-toc-section\" id=\"Si_Alemania_rechaza_la_solicitud_de_extradicion_%C2%BFterminara_el_caso\"><\/span>Si Alemania rechaza la solicitud de extradici\u00f3n, \u00bfterminar\u00e1 el caso?<span class=\"ez-toc-section-end\"><\/span><\/h3>\n<p>No. La investigaci\u00f3n o condena en Turqu\u00eda puede continuar; el estado del expediente y el registro de Interpol se evaluar\u00e1n por separado por motivos de denegaci\u00f3n.<\/p>\n<h3><span class=\"ez-toc-section\" id=\"%C2%BFPuede_la_persona_extraditada_ser_acusada_de_cualquier_otro_delito\"><\/span>\u00bfPuede la persona extraditada ser acusada de cualquier otro delito?<span class=\"ez-toc-section-end\"><\/span><\/h3>\n<p>Debido al principio de propiedad, por regla general, solo se pueden tomar medidas por delitos basados en la extradici\u00f3n.<\/p>\n<blockquote>\n<p>Este contenido es informaci\u00f3n legal general. Las autoridades alemanas, las reservas contractuales y los plazos que se aplicar\u00e1n al expediente deben verificarse m\u00e1s a fondo en el caso concreto.<\/p>\n<\/blockquote>\n<\/article>\n","protected":false},"excerpt":{"rendered":"<p>Extradici\u00f3n de Turqu\u00eda a Alemaniaes la solicitud de las autoridades judiciales turcas para la entrega de Alemania si una persona buscada en Turqu\u00eda est\u00e1 presente en Alemania. Este proceso se lleva a cabo no a trav\u00e9s del sistema de orden de detenci\u00f3n europea, sino a trav\u00e9s del Convenio Europeo de Extradici\u00f3n del que Turqu\u00eda y [&hellip;]<\/p>\n","protected":false},"author":1,"featured_media":0,"comment_status":"open","ping_status":"open","sticky":false,"template":"","format":"standard","meta":{"footnotes":""},"categories":[1],"tags":[],"class_list":["post-11466","post","type-post","status-publish","format-standard","hentry","category-blog","kng-no-post-thumbnail"],"yoast_head":"<!-- This site is optimized with the Yoast SEO plugin v25.1 - https:\/\/yoast.com\/wordpress\/plugins\/seo\/ -->\n<title>Proceso y condiciones de extradici\u00f3n de Turqu\u00eda a Alemania<\/title>\n<meta name=\"description\" content=\"La extradici\u00f3n de Turqu\u00eda a Alemania se explica por el Convenio Europeo de Retorno, las autoridades alemanas, la detenci\u00f3n temporal, las razones de la denegaci\u00f3n y el proceso de entrega.\" \/>\n<meta name=\"robots\" content=\"index, follow, max-snippet:-1, max-image-preview:large, max-video-preview:-1\" \/>\n<link rel=\"canonical\" href=\"https:\/\/interpolavukati.com\/turkiyeden-almanyaya-suclu-iadesi\/\" \/>\n<meta property=\"og:locale\" content=\"es_ES\" \/>\n<meta property=\"og:type\" content=\"article\" \/>\n<meta property=\"og:title\" content=\"Proceso y condiciones de extradici\u00f3n de Turqu\u00eda a Alemania\" \/>\n<meta property=\"og:description\" content=\"La extradici\u00f3n de Turqu\u00eda a Alemania se explica por el Convenio Europeo de Retorno, las autoridades alemanas, la detenci\u00f3n temporal, las razones de la denegaci\u00f3n y el proceso de entrega.\" \/>\n<meta property=\"og:url\" content=\"https:\/\/interpolavukati.com\/turkiyeden-almanyaya-suclu-iadesi\/\" \/>\n<meta property=\"og:site_name\" content=\"\u0130nterpol Avukat\u0131\" \/>\n<meta property=\"article:published_time\" content=\"2026-08-06T13:55:16+00:00\" \/>\n<meta name=\"author\" content=\"admin\" \/>\n<meta name=\"twitter:card\" content=\"summary_large_image\" \/>\n<meta name=\"twitter:label1\" content=\"Escrito por\" \/>\n\t<meta name=\"twitter:data1\" content=\"admin\" \/>\n\t<meta name=\"twitter:label2\" content=\"Tiempo de lectura\" \/>\n\t<meta name=\"twitter:data2\" content=\"7 minutos\" \/>\n<script type=\"application\/ld+json\" class=\"yoast-schema-graph\">{\"@context\":\"https:\/\/schema.org\",\"@graph\":[{\"@type\":\"Article\",\"@id\":\"https:\/\/interpolavukati.com\/turkiyeden-almanyaya-suclu-iadesi\/#article\",\"isPartOf\":{\"@id\":\"https:\/\/interpolavukati.com\/turkiyeden-almanyaya-suclu-iadesi\/\"},\"author\":{\"name\":\"admin\",\"@id\":\"https:\/\/interpolavukati.com\/#\/schema\/person\/b1546d41479026778a71df6b32bed778\"},\"headline\":\"\u00bfC\u00f3mo extraditar delincuentes de Turqu\u00eda a Alemania?\",\"datePublished\":\"2026-08-06T13:55:16+00:00\",\"mainEntityOfPage\":{\"@id\":\"https:\/\/interpolavukati.com\/turkiyeden-almanyaya-suclu-iadesi\/\"},\"wordCount\":1490,\"commentCount\":0,\"publisher\":{\"@id\":\"https:\/\/interpolavukati.com\/#organization\"},\"articleSection\":[\"Blog\"],\"inLanguage\":\"es\",\"potentialAction\":[{\"@type\":\"CommentAction\",\"name\":\"Comment\",\"target\":[\"https:\/\/interpolavukati.com\/turkiyeden-almanyaya-suclu-iadesi\/#respond\"]}]},{\"@type\":\"WebPage\",\"@id\":\"https:\/\/interpolavukati.com\/turkiyeden-almanyaya-suclu-iadesi\/\",\"url\":\"https:\/\/interpolavukati.com\/turkiyeden-almanyaya-suclu-iadesi\/\",\"name\":\"Proceso y condiciones de extradici\u00f3n de Turqu\u00eda a Alemania\",\"isPartOf\":{\"@id\":\"https:\/\/interpolavukati.com\/#website\"},\"datePublished\":\"2026-08-06T13:55:16+00:00\",\"description\":\"La extradici\u00f3n de Turqu\u00eda a Alemania se explica por el Convenio Europeo de Retorno, las autoridades alemanas, la detenci\u00f3n temporal, las razones de la denegaci\u00f3n y el proceso de entrega.\",\"breadcrumb\":{\"@id\":\"https:\/\/interpolavukati.com\/turkiyeden-almanyaya-suclu-iadesi\/#breadcrumb\"},\"inLanguage\":\"es\",\"potentialAction\":[{\"@type\":\"ReadAction\",\"target\":[\"https:\/\/interpolavukati.com\/turkiyeden-almanyaya-suclu-iadesi\/\"]}]},{\"@type\":\"BreadcrumbList\",\"@id\":\"https:\/\/interpolavukati.com\/turkiyeden-almanyaya-suclu-iadesi\/#breadcrumb\",\"itemListElement\":[{\"@type\":\"ListItem\",\"position\":1,\"name\":\"Anasayfa\",\"item\":\"https:\/\/interpolavukati.com\/es\/\"},{\"@type\":\"ListItem\",\"position\":2,\"name\":\"\u00bfC\u00f3mo extraditar delincuentes de Turqu\u00eda a Alemania?\"}]},{\"@type\":\"WebSite\",\"@id\":\"https:\/\/interpolavukati.com\/#website\",\"url\":\"https:\/\/interpolavukati.com\/\",\"name\":\"\u0130nterpol Avukat\u0131\",\"description\":\"\",\"publisher\":{\"@id\":\"https:\/\/interpolavukati.com\/#organization\"},\"potentialAction\":[{\"@type\":\"SearchAction\",\"target\":{\"@type\":\"EntryPoint\",\"urlTemplate\":\"https:\/\/interpolavukati.com\/?s={search_term_string}\"},\"query-input\":{\"@type\":\"PropertyValueSpecification\",\"valueRequired\":true,\"valueName\":\"search_term_string\"}}],\"inLanguage\":\"es\"},{\"@type\":\"Organization\",\"@id\":\"https:\/\/interpolavukati.com\/#organization\",\"name\":\"\u0130nterpol Avukat\u0131\",\"url\":\"https:\/\/interpolavukati.com\/\",\"logo\":{\"@type\":\"ImageObject\",\"inLanguage\":\"es\",\"@id\":\"https:\/\/interpolavukati.com\/#\/schema\/logo\/image\/\",\"url\":\"https:\/\/interpolavukati.com\/wp-content\/uploads\/2021\/11\/interpol-avukati-logo-renkli-scaled.png\",\"contentUrl\":\"https:\/\/interpolavukati.com\/wp-content\/uploads\/2021\/11\/interpol-avukati-logo-renkli-scaled.png\",\"width\":1600,\"height\":533,\"caption\":\"\u0130nterpol Avukat\u0131\"},\"image\":{\"@id\":\"https:\/\/interpolavukati.com\/#\/schema\/logo\/image\/\"}},{\"@type\":\"Person\",\"@id\":\"https:\/\/interpolavukati.com\/#\/schema\/person\/b1546d41479026778a71df6b32bed778\",\"name\":\"admin\",\"image\":{\"@type\":\"ImageObject\",\"inLanguage\":\"es\",\"@id\":\"https:\/\/interpolavukati.com\/#\/schema\/person\/image\/\",\"url\":\"https:\/\/secure.gravatar.com\/avatar\/3a4192ab7a896ee82872910a2e59d54e67bb5ac0a947bc7918a43b6b88be9bd1?s=96&d=mm&r=g\",\"contentUrl\":\"https:\/\/secure.gravatar.com\/avatar\/3a4192ab7a896ee82872910a2e59d54e67bb5ac0a947bc7918a43b6b88be9bd1?s=96&d=mm&r=g\",\"caption\":\"admin\"},\"sameAs\":[\"https:\/\/interpolavukati.com\"]}]}<\/script>\n<!-- \/ Yoast SEO plugin. -->","yoast_head_json":{"title":"Proceso y condiciones de extradici\u00f3n de Turqu\u00eda a Alemania","description":"La extradici\u00f3n de Turqu\u00eda a Alemania se explica por el Convenio Europeo de Retorno, las autoridades alemanas, la detenci\u00f3n temporal, las razones de la denegaci\u00f3n y el proceso de entrega.","robots":{"index":"index","follow":"follow","max-snippet":"max-snippet:-1","max-image-preview":"max-image-preview:large","max-video-preview":"max-video-preview:-1"},"canonical":"https:\/\/interpolavukati.com\/turkiyeden-almanyaya-suclu-iadesi\/","og_locale":"es_ES","og_type":"article","og_title":"Proceso y condiciones de extradici\u00f3n de Turqu\u00eda a Alemania","og_description":"La extradici\u00f3n de Turqu\u00eda a Alemania se explica por el Convenio Europeo de Retorno, las autoridades alemanas, la detenci\u00f3n temporal, las razones de la denegaci\u00f3n y el proceso de entrega.","og_url":"https:\/\/interpolavukati.com\/turkiyeden-almanyaya-suclu-iadesi\/","og_site_name":"\u0130nterpol Avukat\u0131","article_published_time":"2026-08-06T13:55:16+00:00","author":"admin","twitter_card":"summary_large_image","twitter_misc":{"Escrito por":"admin","Tiempo de lectura":"7 minutos"},"schema":{"@context":"https:\/\/schema.org","@graph":[{"@type":"Article","@id":"https:\/\/interpolavukati.com\/turkiyeden-almanyaya-suclu-iadesi\/#article","isPartOf":{"@id":"https:\/\/interpolavukati.com\/turkiyeden-almanyaya-suclu-iadesi\/"},"author":{"name":"admin","@id":"https:\/\/interpolavukati.com\/#\/schema\/person\/b1546d41479026778a71df6b32bed778"},"headline":"\u00bfC\u00f3mo extraditar delincuentes de Turqu\u00eda a Alemania?","datePublished":"2026-08-06T13:55:16+00:00","mainEntityOfPage":{"@id":"https:\/\/interpolavukati.com\/turkiyeden-almanyaya-suclu-iadesi\/"},"wordCount":1490,"commentCount":0,"publisher":{"@id":"https:\/\/interpolavukati.com\/#organization"},"articleSection":["Blog"],"inLanguage":"es","potentialAction":[{"@type":"CommentAction","name":"Comment","target":["https:\/\/interpolavukati.com\/turkiyeden-almanyaya-suclu-iadesi\/#respond"]}]},{"@type":"WebPage","@id":"https:\/\/interpolavukati.com\/turkiyeden-almanyaya-suclu-iadesi\/","url":"https:\/\/interpolavukati.com\/turkiyeden-almanyaya-suclu-iadesi\/","name":"Proceso y condiciones de extradici\u00f3n de Turqu\u00eda a Alemania","isPartOf":{"@id":"https:\/\/interpolavukati.com\/#website"},"datePublished":"2026-08-06T13:55:16+00:00","description":"La extradici\u00f3n de Turqu\u00eda a Alemania se explica por el Convenio Europeo de Retorno, las autoridades alemanas, la detenci\u00f3n temporal, las razones de la denegaci\u00f3n y el proceso de entrega.","breadcrumb":{"@id":"https:\/\/interpolavukati.com\/turkiyeden-almanyaya-suclu-iadesi\/#breadcrumb"},"inLanguage":"es","potentialAction":[{"@type":"ReadAction","target":["https:\/\/interpolavukati.com\/turkiyeden-almanyaya-suclu-iadesi\/"]}]},{"@type":"BreadcrumbList","@id":"https:\/\/interpolavukati.com\/turkiyeden-almanyaya-suclu-iadesi\/#breadcrumb","itemListElement":[{"@type":"ListItem","position":1,"name":"Anasayfa","item":"https:\/\/interpolavukati.com\/es\/"},{"@type":"ListItem","position":2,"name":"\u00bfC\u00f3mo extraditar delincuentes de Turqu\u00eda a Alemania?"}]},{"@type":"WebSite","@id":"https:\/\/interpolavukati.com\/#website","url":"https:\/\/interpolavukati.com\/","name":"\u0130nterpol Avukat\u0131","description":"","publisher":{"@id":"https:\/\/interpolavukati.com\/#organization"},"potentialAction":[{"@type":"SearchAction","target":{"@type":"EntryPoint","urlTemplate":"https:\/\/interpolavukati.com\/?s={search_term_string}"},"query-input":{"@type":"PropertyValueSpecification","valueRequired":true,"valueName":"search_term_string"}}],"inLanguage":"es"},{"@type":"Organization","@id":"https:\/\/interpolavukati.com\/#organization","name":"\u0130nterpol Avukat\u0131","url":"https:\/\/interpolavukati.com\/","logo":{"@type":"ImageObject","inLanguage":"es","@id":"https:\/\/interpolavukati.com\/#\/schema\/logo\/image\/","url":"https:\/\/interpolavukati.com\/wp-content\/uploads\/2021\/11\/interpol-avukati-logo-renkli-scaled.png","contentUrl":"https:\/\/interpolavukati.com\/wp-content\/uploads\/2021\/11\/interpol-avukati-logo-renkli-scaled.png","width":1600,"height":533,"caption":"\u0130nterpol Avukat\u0131"},"image":{"@id":"https:\/\/interpolavukati.com\/#\/schema\/logo\/image\/"}},{"@type":"Person","@id":"https:\/\/interpolavukati.com\/#\/schema\/person\/b1546d41479026778a71df6b32bed778","name":"admin","image":{"@type":"ImageObject","inLanguage":"es","@id":"https:\/\/interpolavukati.com\/#\/schema\/person\/image\/","url":"https:\/\/secure.gravatar.com\/avatar\/3a4192ab7a896ee82872910a2e59d54e67bb5ac0a947bc7918a43b6b88be9bd1?s=96&d=mm&r=g","contentUrl":"https:\/\/secure.gravatar.com\/avatar\/3a4192ab7a896ee82872910a2e59d54e67bb5ac0a947bc7918a43b6b88be9bd1?s=96&d=mm&r=g","caption":"admin"},"sameAs":["https:\/\/interpolavukati.com"]}]}},"_links":{"self":[{"href":"https:\/\/interpolavukati.com\/es\/wp-json\/wp\/v2\/posts\/11466","targetHints":{"allow":["GET"]}}],"collection":[{"href":"https:\/\/interpolavukati.com\/es\/wp-json\/wp\/v2\/posts"}],"about":[{"href":"https:\/\/interpolavukati.com\/es\/wp-json\/wp\/v2\/types\/post"}],"author":[{"embeddable":true,"href":"https:\/\/interpolavukati.com\/es\/wp-json\/wp\/v2\/users\/1"}],"replies":[{"embeddable":true,"href":"https:\/\/interpolavukati.com\/es\/wp-json\/wp\/v2\/comments?post=11466"}],"version-history":[{"count":0,"href":"https:\/\/interpolavukati.com\/es\/wp-json\/wp\/v2\/posts\/11466\/revisions"}],"wp:attachment":[{"href":"https:\/\/interpolavukati.com\/es\/wp-json\/wp\/v2\/media?parent=11466"}],"wp:term":[{"taxonomy":"category","embeddable":true,"href":"https:\/\/interpolavukati.com\/es\/wp-json\/wp\/v2\/categories?post=11466"},{"taxonomy":"post_tag","embeddable":true,"href":"https:\/\/interpolavukati.com\/es\/wp-json\/wp\/v2\/tags?post=11466"}],"curies":[{"name":"wp","href":"https:\/\/api.w.org\/{rel}","templated":true}]}}