{"id":11521,"date":"2026-08-07T06:31:12","date_gmt":"2026-08-07T06:31:12","guid":{"rendered":"https:\/\/interpolavukati.com\/proceso-de-extradicion-entre-italia-y-turkiye\/"},"modified":"2026-08-07T06:31:12","modified_gmt":"2026-08-07T06:31:12","slug":"proceso-de-extradicion-entre-italia-y-turkiye","status":"publish","type":"post","link":"https:\/\/interpolavukati.com\/es\/proceso-de-extradicion-entre-italia-y-turkiye\/","title":{"rendered":"Proceso de extradici\u00f3n entre Italia y T\u00fcrkiye"},"content":{"rendered":"<article>\n<p><strong>Extradici\u00f3n de criminales entre Italia y T\u00fcrkiye<\/strong>Se trata de la extradici\u00f3n de una persona que se encuentra bajo investigaci\u00f3n, procesamiento o sentencia firme en un pa\u00eds desde otro pa\u00eds. El proceso entre T\u00fcrkiye e Italia no es una orden de detenci\u00f3n europea, sino un r\u00e9gimen de extradici\u00f3n cl\u00e1sico, y el Convenio Europeo de Extradici\u00f3n constituye el marco b\u00e1sico.<\/p>\n<p>Una notificaci\u00f3n roja de Interpol por s\u00ed sola no constituye una extradici\u00f3n ni una condena. Es una solicitud de cooperaci\u00f3n internacional para localizar y capturar temporalmente a una persona con base en una orden de arresto nacional v\u00e1lida. Cada estado decide sobre la captura y la extradici\u00f3n seg\u00fan su propia ley.<\/p>\n<div id=\"ez-toc-container\" class=\"ez-toc-v2_0_76 counter-hierarchy ez-toc-counter ez-toc-grey ez-toc-container-direction\">\n<div class=\"ez-toc-title-container\">\n<p class=\"ez-toc-title\" style=\"cursor:inherit\">\u0130\u00e7indekiler<\/p>\n<span class=\"ez-toc-title-toggle\"><a href=\"#\" class=\"ez-toc-pull-right ez-toc-btn ez-toc-btn-xs ez-toc-btn-default ez-toc-toggle\" aria-label=\"Alternar tabla de contenidos\"><span class=\"ez-toc-js-icon-con\"><span class=\"\"><span class=\"eztoc-hide\" style=\"display:none;\">Toggle<\/span><span class=\"ez-toc-icon-toggle-span\"><svg style=\"fill: #999;color:#999\" xmlns=\"http:\/\/www.w3.org\/2000\/svg\" class=\"list-377408\" width=\"20px\" height=\"20px\" viewBox=\"0 0 24 24\" fill=\"none\"><path d=\"M6 6H4v2h2V6zm14 0H8v2h12V6zM4 11h2v2H4v-2zm16 0H8v2h12v-2zM4 16h2v2H4v-2zm16 0H8v2h12v-2z\" fill=\"currentColor\"><\/path><\/svg><svg style=\"fill: #999;color:#999\" class=\"arrow-unsorted-368013\" xmlns=\"http:\/\/www.w3.org\/2000\/svg\" width=\"10px\" height=\"10px\" viewBox=\"0 0 24 24\" version=\"1.2\" baseProfile=\"tiny\"><path d=\"M18.2 9.3l-6.2-6.3-6.2 6.3c-.2.2-.3.4-.3.7s.1.5.3.7c.2.2.4.3.7.3h11c.3 0 .5-.1.7-.3.2-.2.3-.5.3-.7s-.1-.5-.3-.7zM5.8 14.7l6.2 6.3 6.2-6.3c.2-.2.3-.5.3-.7s-.1-.5-.3-.7c-.2-.2-.4-.3-.7-.3h-11c-.3 0-.5.1-.7.3-.2.2-.3.5-.3.7s.1.5.3.7z\"\/><\/svg><\/span><\/span><\/span><\/a><\/span><\/div>\n<nav><ul class='ez-toc-list ez-toc-list-level-1 ' ><li class='ez-toc-page-1 ez-toc-heading-level-2'><a class=\"ez-toc-link ez-toc-heading-1\" href=\"https:\/\/interpolavukati.com\/es\/proceso-de-extradicion-entre-italia-y-turkiye\/#Base_del_proceso_de_extradicion_Italia-Turkiye\" >Base del proceso de extradici\u00f3n Italia-T\u00fcrkiye<\/a><\/li><li class='ez-toc-page-1 ez-toc-heading-level-2'><a class=\"ez-toc-link ez-toc-heading-2\" href=\"https:\/\/interpolavukati.com\/es\/proceso-de-extradicion-entre-italia-y-turkiye\/#Como_ocurre_la_captura_temporal\" >C\u00f3mo ocurre la captura temporal<\/a><\/li><li class='ez-toc-page-1 ez-toc-heading-level-2'><a class=\"ez-toc-link ez-toc-heading-3\" href=\"https:\/\/interpolavukati.com\/es\/proceso-de-extradicion-entre-italia-y-turkiye\/#%C2%BFCuales_son_las_condiciones_de_devolucion\" >\u00bfCu\u00e1les son las condiciones de devoluci\u00f3n?<\/a><\/li><li class='ez-toc-page-1 ez-toc-heading-level-2'><a class=\"ez-toc-link ez-toc-heading-4\" href=\"https:\/\/interpolavukati.com\/es\/proceso-de-extradicion-entre-italia-y-turkiye\/#%C2%BFLa_ciudadania_impide_la_extradicion\" >\u00bfLa ciudadan\u00eda impide la extradici\u00f3n?<\/a><\/li><li class='ez-toc-page-1 ez-toc-heading-level-2'><a class=\"ez-toc-link ez-toc-heading-5\" href=\"https:\/\/interpolavukati.com\/es\/proceso-de-extradicion-entre-italia-y-turkiye\/#Documentos_importantes_en_el_expediente_de_devolucion\" >Documentos importantes en el expediente de devoluci\u00f3n.<\/a><\/li><li class='ez-toc-page-1 ez-toc-heading-level-2'><a class=\"ez-toc-link ez-toc-heading-6\" href=\"https:\/\/interpolavukati.com\/es\/proceso-de-extradicion-entre-italia-y-turkiye\/#Diferencia_entre_solicitud_CCF_y_apelacion_de_reembolso\" >Diferencia entre solicitud CCF y apelaci\u00f3n de reembolso<\/a><\/li><li class='ez-toc-page-1 ez-toc-heading-level-2'><a class=\"ez-toc-link ez-toc-heading-7\" href=\"https:\/\/interpolavukati.com\/es\/proceso-de-extradicion-entre-italia-y-turkiye\/#Preguntas_frecuentes\" >Preguntas frecuentes<\/a><ul class='ez-toc-list-level-3' ><li class='ez-toc-heading-level-3'><a class=\"ez-toc-link ez-toc-heading-8\" href=\"https:\/\/interpolavukati.com\/es\/proceso-de-extradicion-entre-italia-y-turkiye\/#%C2%BFEl_aviso_rojo_preve_devoluciones_automaticas\" >\u00bfEl aviso rojo prev\u00e9 devoluciones autom\u00e1ticas?<\/a><\/li><li class='ez-toc-page-1 ez-toc-heading-level-3'><a class=\"ez-toc-link ez-toc-heading-9\" href=\"https:\/\/interpolavukati.com\/es\/proceso-de-extradicion-entre-italia-y-turkiye\/#%C2%BFCuanto_tiempo_lleva_el_proceso_de_devolucion\" >\u00bfCu\u00e1nto tiempo lleva el proceso de devoluci\u00f3n?<\/a><\/li><li class='ez-toc-page-1 ez-toc-heading-level-3'><a class=\"ez-toc-link ez-toc-heading-10\" href=\"https:\/\/interpolavukati.com\/es\/proceso-de-extradicion-entre-italia-y-turkiye\/#%C2%BFEs_la_ciudadania_un_motivo_definitivo_de_rechazo\" >\u00bfEs la ciudadan\u00eda un motivo definitivo de rechazo?<\/a><\/li><li class='ez-toc-page-1 ez-toc-heading-level-3'><a class=\"ez-toc-link ez-toc-heading-11\" href=\"https:\/\/interpolavukati.com\/es\/proceso-de-extradicion-entre-italia-y-turkiye\/#%C2%BFSe_puede_denegar_la_extradicion_en_caso_de_delito_politico\" >\u00bfSe puede denegar la extradici\u00f3n en caso de delito pol\u00edtico?<\/a><\/li><li class='ez-toc-page-1 ez-toc-heading-level-3'><a class=\"ez-toc-link ez-toc-heading-12\" href=\"https:\/\/interpolavukati.com\/es\/proceso-de-extradicion-entre-italia-y-turkiye\/#Si_se_rechaza_la_extradicion_%C2%BFse_borrara_el_expediente_de_Interpol\" >Si se rechaza la extradici\u00f3n, \u00bfse borrar\u00e1 el expediente de Interpol?<\/a><\/li><li class='ez-toc-page-1 ez-toc-heading-level-3'><a class=\"ez-toc-link ez-toc-heading-13\" href=\"https:\/\/interpolavukati.com\/es\/proceso-de-extradicion-entre-italia-y-turkiye\/#%C2%BFEs_posible_la_extradicion_en_casos_de_condena_en_rebeldia\" >\u00bfEs posible la extradici\u00f3n en casos de condena en rebeld\u00eda?<\/a><\/li><li class='ez-toc-page-1 ez-toc-heading-level-3'><a class=\"ez-toc-link ez-toc-heading-14\" href=\"https:\/\/interpolavukati.com\/es\/proceso-de-extradicion-entre-italia-y-turkiye\/#%C2%BFSe_puede_aplicar_control_judicial_en_lugar_de_arresto\" >\u00bfSe puede aplicar control judicial en lugar de arresto?<\/a><\/li><\/ul><\/li><\/ul><\/nav><\/div>\n<h2><span class=\"ez-toc-section\" id=\"Base_del_proceso_de_extradicion_Italia-Turkiye\"><\/span>Base del proceso de extradici\u00f3n Italia-T\u00fcrkiye<span class=\"ez-toc-section-end\"><\/span><\/h2>\n<p>En Italia, la evaluaci\u00f3n de las autoridades judiciales y las competencias del Ministerio de Justicia difieren seg\u00fan la fase del expediente. Se tienen en cuenta las garant\u00edas constitucionales y las normas del CEDH.<\/p>\n<p>La solicitud debe incluir la identidad de la persona, la hora y lugar del hecho presunto, la naturaleza jur\u00eddica del delito, la decisi\u00f3n de arresto o condena, la pena a aplicar y el plazo de prescripci\u00f3n. Las condiciones de aprobaci\u00f3n y traducci\u00f3n de los documentos se controlan seg\u00fan la direcci\u00f3n de la solicitud.<\/p>\n<h2><span class=\"ez-toc-section\" id=\"Como_ocurre_la_captura_temporal\"><\/span>C\u00f3mo ocurre la captura temporal<span class=\"ez-toc-section-end\"><\/span><\/h2>\n<p>En casos urgentes se podr\u00e1 solicitar la detenci\u00f3n temporal antes de enviar el expediente de devoluci\u00f3n completo. Aunque el mensaje de Interpol puede utilizarse para este fin <a href=\"https:\/\/interpolavukati.com\/es\/abogado-especializado-en-la-eliminacion-de-notificaciones-rojas-de-interpol\/\">proceso de eliminaci\u00f3n de aviso rojo<\/a> Es independiente de los procedimientos de extradici\u00f3n nacionales. La entrega de los documentos oficiales dentro del plazo estipulado puede afectar la continuaci\u00f3n de la medida.<\/p>\n<p>Si la persona se encuentra en Turqu\u00eda, la fiscal\u00eda y los procedimientos judiciales se llevan a cabo de conformidad con la Ley de cooperaci\u00f3n judicial internacional en materia penal n\u00ba 6706. En caso de arresto en otro pa\u00eds, est\u00e1n de servicio los tribunales, la autoridad central y, en su caso, los \u00f3rganos administrativos decisorios de ese Estado.<\/p>\n<h2><span class=\"ez-toc-section\" id=\"%C2%BFCuales_son_las_condiciones_de_devolucion\"><\/span>\u00bfCu\u00e1les son las condiciones de devoluci\u00f3n?<span class=\"ez-toc-section-end\"><\/span><\/h2>\n<ul>\n<li><strong>Doble punibilidad:<\/strong> Se eval\u00faa si el hecho constituye delito en ambos pa\u00edses.<\/li>\n<li><strong>Gravedad del delito:<\/strong> Se verifica el umbral de sanci\u00f3n en el contrato o ley.<\/li>\n<li><strong>Estatuto de limitaciones:<\/strong> Se examinan los tiempos de investigaci\u00f3n, juicio y ejecuci\u00f3n.<\/li>\n<li><strong>Decisi\u00f3n final:<\/strong> Se tienen en cuenta decisiones anteriores sobre el mismo acto.<\/li>\n<li><strong>Finalidad pol\u00edtica o discriminatoria:<\/strong> Se investiga el verdadero prop\u00f3sito de la solicitud.<\/li>\n<li><strong>Derechos humanos:<\/strong> Los malos tratos, los juicios justos y las condiciones carcelarias se eval\u00faan con datos espec\u00edficos de cada individuo.<\/li>\n<\/ul>\n<p>Las objeciones no deben limitarse a evaluaciones abstractas de los pa\u00edses. Se deben proporcionar registros de salud, documentos del juicio, supuesta conexi\u00f3n con actividades pol\u00edticas e informaci\u00f3n confiable sobre las circunstancias posteriores al parto. <a href=\"https:\/\/interpolavukati.com\/es\/como-oponerse-a-una-solicitud-de-extradicion-en-turquia\/\">Objeci\u00f3n a la solicitud de extradici\u00f3n en Turqu\u00eda<\/a> Est\u00e1 sujeto a un l\u00edmite de tiempo dependiendo del tipo de decisi\u00f3n.<\/p>\n<h2><span class=\"ez-toc-section\" id=\"%C2%BFLa_ciudadania_impide_la_extradicion\"><\/span>\u00bfLa ciudadan\u00eda impide la extradici\u00f3n?<span class=\"ez-toc-section-end\"><\/span><\/h2>\n<p>La ciudadan\u00eda puede ser un motivo de rechazo dependiendo de la direcci\u00f3n de la solicitud y del orden constitucional del estado correspondiente. Tambi\u00e9n se examinan la doble ciudadan\u00eda, la situaci\u00f3n de residencia y el lugar donde se cometi\u00f3 el acto. El rechazo de la extradici\u00f3n puede no significar el cierre completo del caso; En circunstancias apropiadas, podr\u00e1 incluirse en el orden del d\u00eda el traslado de la investigaci\u00f3n o el traslado de la ejecuci\u00f3n de la pena.<\/p>\n<p><a href=\"https:\/\/interpolavukati.com\/es\/como-llevar-a-cabo-casos-de-extradicion-en-turquia\/\">Caso de extradici\u00f3n en Turqu\u00eda<\/a> La revisi\u00f3n de admisibilidad por parte del tribunal est\u00e1 separada de la fase de entrega posterior. La distribuci\u00f3n de funciones judiciales y administrativas tambi\u00e9n debe determinarse por separado en el proceso en el pa\u00eds requerido.<\/p>\n<h2><span class=\"ez-toc-section\" id=\"Documentos_importantes_en_el_expediente_de_devolucion\"><\/span>Documentos importantes en el expediente de devoluci\u00f3n.<span class=\"ez-toc-section-end\"><\/span><\/h2>\n<ol>\n<li>Una copia vigente de la orden de arresto o condena,<\/li>\n<li>Resumen del evento que explica la conexi\u00f3n de tiempo, lugar y persona del verbo,<\/li>\n<li>Disposiciones penales y penales que deben aplicarse,<\/li>\n<li>Documentos de identidad, ciudadan\u00eda y residencia,<\/li>\n<li>Registros que muestren riesgos para la salud, la vida familiar y los derechos humanos,<\/li>\n<li>Absoluci\u00f3n, no procesamiento u otras decisiones sobre el mismo hecho.<\/li>\n<\/ol>\n<p>Las identidades no coincidentes, las traducciones incompletas o las decisiones obsoletas deben detectarse en una etapa temprana. <a href=\"https:\/\/interpolavukati.com\/es\/solicitudes-contra-ordenes-de-detencion-internacionales\/\">Solicitudes contra \u00f3rdenes de detenci\u00f3n internacionales<\/a>, considera por separado la decisi\u00f3n en el pa\u00eds de origen y las medidas en el pa\u00eds donde se encuentra la persona.<\/p>\n<h2><span class=\"ez-toc-section\" id=\"Diferencia_entre_solicitud_CCF_y_apelacion_de_reembolso\"><\/span>Diferencia entre solicitud CCF y apelaci\u00f3n de reembolso<span class=\"ez-toc-section-end\"><\/span><\/h2>\n<p>Las solicitudes de acceso, rectificaci\u00f3n o supresi\u00f3n podr\u00e1n presentarse ante la Comisi\u00f3n de Control de Ficheros de Interpol. <a href=\"https:\/\/interpolavukati.com\/es\/como-solicitar-ccf-en-archivos-de-interpol\/\">solicitud CCF<\/a> Comprueba los datos en el sistema de Interpol; El tribunal nacional examina las condiciones de detenci\u00f3n y extradici\u00f3n. La aplicaci\u00f3n del CCF no detiene autom\u00e1ticamente el reembolso.<\/p>\n<p>La defensa, el caso de extradici\u00f3n y la solicitud de registro de Interpol en el pa\u00eds de origen deben proceder en la misma cronolog\u00eda. Con la abogada Esra Aslan <a href=\"https:\/\/interpolavukati.com\/es\/ponte-en-contacto-con\/\">discutiendo el archivo concreto<\/a> Se pueden coordinar los pasos en los dos pa\u00edses.<\/p>\n<h2><span class=\"ez-toc-section\" id=\"Preguntas_frecuentes\"><\/span>Preguntas frecuentes<span class=\"ez-toc-section-end\"><\/span><\/h2>\n<h3><span class=\"ez-toc-section\" id=\"%C2%BFEl_aviso_rojo_preve_devoluciones_automaticas\"><\/span>\u00bfEl aviso rojo prev\u00e9 devoluciones autom\u00e1ticas?<span class=\"ez-toc-section-end\"><\/span><\/h3>\n<p>No. Las autoridades competentes del pa\u00eds requerido tambi\u00e9n examinan las condiciones legales.<\/p>\n<h3><span class=\"ez-toc-section\" id=\"%C2%BFCuanto_tiempo_lleva_el_proceso_de_devolucion\"><\/span>\u00bfCu\u00e1nto tiempo lleva el proceso de devoluci\u00f3n?<span class=\"ez-toc-section-end\"><\/span><\/h3>\n<p>No hay una duraci\u00f3n fija; La finalizaci\u00f3n de documentos, la detenci\u00f3n, la apelaci\u00f3n y la revisi\u00f3n de derechos humanos afectan el per\u00edodo de tiempo.<\/p>\n<h3><span class=\"ez-toc-section\" id=\"%C2%BFEs_la_ciudadania_un_motivo_definitivo_de_rechazo\"><\/span>\u00bfEs la ciudadan\u00eda un motivo definitivo de rechazo?<span class=\"ez-toc-section-end\"><\/span><\/h3>\n<p>El resultado se determina seg\u00fan la direcci\u00f3n de la solicitud, el estatus de la persona y la ley del pa\u00eds correspondiente.<\/p>\n<h3><span class=\"ez-toc-section\" id=\"%C2%BFSe_puede_denegar_la_extradicion_en_caso_de_delito_politico\"><\/span>\u00bfSe puede denegar la extradici\u00f3n en caso de delito pol\u00edtico?<span class=\"ez-toc-section-end\"><\/span><\/h3>\n<p>La naturaleza pol\u00edtica o el prop\u00f3sito discriminatorio de la solicitud se eval\u00faa con pruebas concretas.<\/p>\n<h3><span class=\"ez-toc-section\" id=\"Si_se_rechaza_la_extradicion_%C2%BFse_borrara_el_expediente_de_Interpol\"><\/span>Si se rechaza la extradici\u00f3n, \u00bfse borrar\u00e1 el expediente de Interpol?<span class=\"ez-toc-section-end\"><\/span><\/h3>\n<p>No se elimina autom\u00e1ticamente; La decisi\u00f3n de rechazo deber\u00e1 presentarse por separado a la CCF y a las autoridades de origen.<\/p>\n<h3><span class=\"ez-toc-section\" id=\"%C2%BFEs_posible_la_extradicion_en_casos_de_condena_en_rebeldia\"><\/span>\u00bfEs posible la extradici\u00f3n en casos de condena en rebeld\u00eda?<span class=\"ez-toc-section-end\"><\/span><\/h3>\n<p>Se examinan las garant\u00edas efectivas de defensa, notificaci\u00f3n y nuevo juicio.<\/p>\n<h3><span class=\"ez-toc-section\" id=\"%C2%BFSe_puede_aplicar_control_judicial_en_lugar_de_arresto\"><\/span>\u00bfSe puede aplicar control judicial en lugar de arresto?<span class=\"ez-toc-section-end\"><\/span><\/h3>\n<p>Se podr\u00e1n solicitar medidas alternativas dentro del \u00e1mbito de la legislaci\u00f3n nacional, el riesgo de fuga y la proporcionalidad.<\/p>\n<blockquote>\n<p>Este contenido es informaci\u00f3n legal general. En el expediente concreto tambi\u00e9n deben comprobarse los acuerdos vigentes, las reservas, la legislaci\u00f3n nacional y los plazos.<\/p>\n<\/blockquote>\n<\/article>\n","protected":false},"excerpt":{"rendered":"<p>Extradici\u00f3n de criminales entre Italia y T\u00fcrkiyeSe trata de la extradici\u00f3n de una persona que se encuentra bajo investigaci\u00f3n, procesamiento o sentencia firme en un pa\u00eds desde otro pa\u00eds. El proceso entre T\u00fcrkiye e Italia no es una orden de detenci\u00f3n europea, sino un r\u00e9gimen de extradici\u00f3n cl\u00e1sico, y el Convenio Europeo de Extradici\u00f3n constituye [&hellip;]<\/p>\n","protected":false},"author":1,"featured_media":0,"comment_status":"open","ping_status":"open","sticky":false,"template":"","format":"standard","meta":{"footnotes":""},"categories":[1],"tags":[],"class_list":["post-11521","post","type-post","status-publish","format-standard","hentry","category-blog","kng-no-post-thumbnail"],"yoast_head":"<!-- This site is optimized with the Yoast SEO plugin v25.1 - https:\/\/yoast.com\/wordpress\/plugins\/seo\/ -->\n<title>Proceso de extradici\u00f3n Italia-T\u00fcrkiye y objecionesProceso de extradici\u00f3n entre Italia y T\u00fcrkiye - \u0130nterpol Avukat\u0131<\/title>\n<meta name=\"description\" content=\"Extradici\u00f3n de criminales entre Italia y T\u00fcrkiye; detenci\u00f3n temporal, doble punibilidad, derechos humanos, proceso judicial y de apelaci\u00f3n.\" \/>\n<meta name=\"robots\" content=\"index, follow, max-snippet:-1, max-image-preview:large, max-video-preview:-1\" \/>\n<link rel=\"canonical\" href=\"https:\/\/interpolavukati.com\/italya-turkiye-suclularin-iadesi\/\" \/>\n<meta property=\"og:locale\" content=\"es_ES\" \/>\n<meta property=\"og:type\" content=\"article\" \/>\n<meta property=\"og:title\" content=\"Proceso de extradici\u00f3n Italia-T\u00fcrkiye y objecionesProceso de extradici\u00f3n entre Italia y T\u00fcrkiye - \u0130nterpol Avukat\u0131\" \/>\n<meta property=\"og:description\" content=\"Extradici\u00f3n de criminales entre Italia y T\u00fcrkiye; detenci\u00f3n temporal, doble punibilidad, derechos humanos, proceso judicial y de apelaci\u00f3n.\" \/>\n<meta property=\"og:url\" content=\"https:\/\/interpolavukati.com\/italya-turkiye-suclularin-iadesi\/\" \/>\n<meta property=\"og:site_name\" content=\"\u0130nterpol Avukat\u0131\" \/>\n<meta property=\"article:published_time\" content=\"2026-08-07T06:31:12+00:00\" \/>\n<meta name=\"author\" content=\"admin\" \/>\n<meta name=\"twitter:card\" content=\"summary_large_image\" \/>\n<meta name=\"twitter:label1\" content=\"Escrito por\" \/>\n\t<meta name=\"twitter:data1\" content=\"admin\" \/>\n\t<meta name=\"twitter:label2\" content=\"Tiempo de lectura\" \/>\n\t<meta name=\"twitter:data2\" content=\"6 minutos\" \/>\n<script type=\"application\/ld+json\" class=\"yoast-schema-graph\">{\"@context\":\"https:\/\/schema.org\",\"@graph\":[{\"@type\":\"Article\",\"@id\":\"https:\/\/interpolavukati.com\/italya-turkiye-suclularin-iadesi\/#article\",\"isPartOf\":{\"@id\":\"https:\/\/interpolavukati.com\/italya-turkiye-suclularin-iadesi\/\"},\"author\":{\"name\":\"admin\",\"@id\":\"https:\/\/interpolavukati.com\/#\/schema\/person\/b1546d41479026778a71df6b32bed778\"},\"headline\":\"Proceso de extradici\u00f3n entre Italia y T\u00fcrkiye\",\"datePublished\":\"2026-08-07T06:31:12+00:00\",\"mainEntityOfPage\":{\"@id\":\"https:\/\/interpolavukati.com\/italya-turkiye-suclularin-iadesi\/\"},\"wordCount\":1145,\"commentCount\":0,\"publisher\":{\"@id\":\"https:\/\/interpolavukati.com\/#organization\"},\"articleSection\":[\"Blog\"],\"inLanguage\":\"es\",\"potentialAction\":[{\"@type\":\"CommentAction\",\"name\":\"Comment\",\"target\":[\"https:\/\/interpolavukati.com\/italya-turkiye-suclularin-iadesi\/#respond\"]}]},{\"@type\":\"WebPage\",\"@id\":\"https:\/\/interpolavukati.com\/italya-turkiye-suclularin-iadesi\/\",\"url\":\"https:\/\/interpolavukati.com\/italya-turkiye-suclularin-iadesi\/\",\"name\":\"Proceso de extradici\u00f3n Italia-T\u00fcrkiye y objecionesProceso de extradici\u00f3n entre Italia y T\u00fcrkiye - \u0130nterpol Avukat\u0131\",\"isPartOf\":{\"@id\":\"https:\/\/interpolavukati.com\/#website\"},\"datePublished\":\"2026-08-07T06:31:12+00:00\",\"description\":\"Extradici\u00f3n de criminales entre Italia y T\u00fcrkiye; detenci\u00f3n temporal, doble punibilidad, derechos humanos, proceso judicial y de apelaci\u00f3n.\",\"breadcrumb\":{\"@id\":\"https:\/\/interpolavukati.com\/italya-turkiye-suclularin-iadesi\/#breadcrumb\"},\"inLanguage\":\"es\",\"potentialAction\":[{\"@type\":\"ReadAction\",\"target\":[\"https:\/\/interpolavukati.com\/italya-turkiye-suclularin-iadesi\/\"]}]},{\"@type\":\"BreadcrumbList\",\"@id\":\"https:\/\/interpolavukati.com\/italya-turkiye-suclularin-iadesi\/#breadcrumb\",\"itemListElement\":[{\"@type\":\"ListItem\",\"position\":1,\"name\":\"Anasayfa\",\"item\":\"https:\/\/interpolavukati.com\/es\/\"},{\"@type\":\"ListItem\",\"position\":2,\"name\":\"Proceso de extradici\u00f3n entre Italia y T\u00fcrkiye\"}]},{\"@type\":\"WebSite\",\"@id\":\"https:\/\/interpolavukati.com\/#website\",\"url\":\"https:\/\/interpolavukati.com\/\",\"name\":\"\u0130nterpol Avukat\u0131\",\"description\":\"\",\"publisher\":{\"@id\":\"https:\/\/interpolavukati.com\/#organization\"},\"potentialAction\":[{\"@type\":\"SearchAction\",\"target\":{\"@type\":\"EntryPoint\",\"urlTemplate\":\"https:\/\/interpolavukati.com\/?s={search_term_string}\"},\"query-input\":{\"@type\":\"PropertyValueSpecification\",\"valueRequired\":true,\"valueName\":\"search_term_string\"}}],\"inLanguage\":\"es\"},{\"@type\":\"Organization\",\"@id\":\"https:\/\/interpolavukati.com\/#organization\",\"name\":\"\u0130nterpol Avukat\u0131\",\"url\":\"https:\/\/interpolavukati.com\/\",\"logo\":{\"@type\":\"ImageObject\",\"inLanguage\":\"es\",\"@id\":\"https:\/\/interpolavukati.com\/#\/schema\/logo\/image\/\",\"url\":\"https:\/\/interpolavukati.com\/wp-content\/uploads\/2021\/11\/interpol-avukati-logo-renkli-scaled.png\",\"contentUrl\":\"https:\/\/interpolavukati.com\/wp-content\/uploads\/2021\/11\/interpol-avukati-logo-renkli-scaled.png\",\"width\":1600,\"height\":533,\"caption\":\"\u0130nterpol Avukat\u0131\"},\"image\":{\"@id\":\"https:\/\/interpolavukati.com\/#\/schema\/logo\/image\/\"}},{\"@type\":\"Person\",\"@id\":\"https:\/\/interpolavukati.com\/#\/schema\/person\/b1546d41479026778a71df6b32bed778\",\"name\":\"admin\",\"image\":{\"@type\":\"ImageObject\",\"inLanguage\":\"es\",\"@id\":\"https:\/\/interpolavukati.com\/#\/schema\/person\/image\/\",\"url\":\"https:\/\/secure.gravatar.com\/avatar\/3a4192ab7a896ee82872910a2e59d54e67bb5ac0a947bc7918a43b6b88be9bd1?s=96&d=mm&r=g\",\"contentUrl\":\"https:\/\/secure.gravatar.com\/avatar\/3a4192ab7a896ee82872910a2e59d54e67bb5ac0a947bc7918a43b6b88be9bd1?s=96&d=mm&r=g\",\"caption\":\"admin\"},\"sameAs\":[\"https:\/\/interpolavukati.com\"]}]}<\/script>\n<!-- \/ Yoast SEO plugin. -->","yoast_head_json":{"title":"Proceso de extradici\u00f3n Italia-T\u00fcrkiye y objecionesProceso de extradici\u00f3n entre Italia y T\u00fcrkiye - \u0130nterpol Avukat\u0131","description":"Extradici\u00f3n de criminales entre Italia y T\u00fcrkiye; detenci\u00f3n temporal, doble punibilidad, derechos humanos, proceso judicial y de apelaci\u00f3n.","robots":{"index":"index","follow":"follow","max-snippet":"max-snippet:-1","max-image-preview":"max-image-preview:large","max-video-preview":"max-video-preview:-1"},"canonical":"https:\/\/interpolavukati.com\/italya-turkiye-suclularin-iadesi\/","og_locale":"es_ES","og_type":"article","og_title":"Proceso de extradici\u00f3n Italia-T\u00fcrkiye y objecionesProceso de extradici\u00f3n entre Italia y T\u00fcrkiye - \u0130nterpol Avukat\u0131","og_description":"Extradici\u00f3n de criminales entre Italia y T\u00fcrkiye; detenci\u00f3n temporal, doble punibilidad, derechos humanos, proceso judicial y de apelaci\u00f3n.","og_url":"https:\/\/interpolavukati.com\/italya-turkiye-suclularin-iadesi\/","og_site_name":"\u0130nterpol Avukat\u0131","article_published_time":"2026-08-07T06:31:12+00:00","author":"admin","twitter_card":"summary_large_image","twitter_misc":{"Escrito por":"admin","Tiempo de lectura":"6 minutos"},"schema":{"@context":"https:\/\/schema.org","@graph":[{"@type":"Article","@id":"https:\/\/interpolavukati.com\/italya-turkiye-suclularin-iadesi\/#article","isPartOf":{"@id":"https:\/\/interpolavukati.com\/italya-turkiye-suclularin-iadesi\/"},"author":{"name":"admin","@id":"https:\/\/interpolavukati.com\/#\/schema\/person\/b1546d41479026778a71df6b32bed778"},"headline":"Proceso de extradici\u00f3n entre Italia y T\u00fcrkiye","datePublished":"2026-08-07T06:31:12+00:00","mainEntityOfPage":{"@id":"https:\/\/interpolavukati.com\/italya-turkiye-suclularin-iadesi\/"},"wordCount":1145,"commentCount":0,"publisher":{"@id":"https:\/\/interpolavukati.com\/#organization"},"articleSection":["Blog"],"inLanguage":"es","potentialAction":[{"@type":"CommentAction","name":"Comment","target":["https:\/\/interpolavukati.com\/italya-turkiye-suclularin-iadesi\/#respond"]}]},{"@type":"WebPage","@id":"https:\/\/interpolavukati.com\/italya-turkiye-suclularin-iadesi\/","url":"https:\/\/interpolavukati.com\/italya-turkiye-suclularin-iadesi\/","name":"Proceso de extradici\u00f3n Italia-T\u00fcrkiye y objecionesProceso de extradici\u00f3n entre Italia y T\u00fcrkiye - \u0130nterpol Avukat\u0131","isPartOf":{"@id":"https:\/\/interpolavukati.com\/#website"},"datePublished":"2026-08-07T06:31:12+00:00","description":"Extradici\u00f3n de criminales entre Italia y T\u00fcrkiye; detenci\u00f3n temporal, doble punibilidad, derechos humanos, proceso judicial y de apelaci\u00f3n.","breadcrumb":{"@id":"https:\/\/interpolavukati.com\/italya-turkiye-suclularin-iadesi\/#breadcrumb"},"inLanguage":"es","potentialAction":[{"@type":"ReadAction","target":["https:\/\/interpolavukati.com\/italya-turkiye-suclularin-iadesi\/"]}]},{"@type":"BreadcrumbList","@id":"https:\/\/interpolavukati.com\/italya-turkiye-suclularin-iadesi\/#breadcrumb","itemListElement":[{"@type":"ListItem","position":1,"name":"Anasayfa","item":"https:\/\/interpolavukati.com\/es\/"},{"@type":"ListItem","position":2,"name":"Proceso de extradici\u00f3n entre Italia y T\u00fcrkiye"}]},{"@type":"WebSite","@id":"https:\/\/interpolavukati.com\/#website","url":"https:\/\/interpolavukati.com\/","name":"\u0130nterpol Avukat\u0131","description":"","publisher":{"@id":"https:\/\/interpolavukati.com\/#organization"},"potentialAction":[{"@type":"SearchAction","target":{"@type":"EntryPoint","urlTemplate":"https:\/\/interpolavukati.com\/?s={search_term_string}"},"query-input":{"@type":"PropertyValueSpecification","valueRequired":true,"valueName":"search_term_string"}}],"inLanguage":"es"},{"@type":"Organization","@id":"https:\/\/interpolavukati.com\/#organization","name":"\u0130nterpol Avukat\u0131","url":"https:\/\/interpolavukati.com\/","logo":{"@type":"ImageObject","inLanguage":"es","@id":"https:\/\/interpolavukati.com\/#\/schema\/logo\/image\/","url":"https:\/\/interpolavukati.com\/wp-content\/uploads\/2021\/11\/interpol-avukati-logo-renkli-scaled.png","contentUrl":"https:\/\/interpolavukati.com\/wp-content\/uploads\/2021\/11\/interpol-avukati-logo-renkli-scaled.png","width":1600,"height":533,"caption":"\u0130nterpol Avukat\u0131"},"image":{"@id":"https:\/\/interpolavukati.com\/#\/schema\/logo\/image\/"}},{"@type":"Person","@id":"https:\/\/interpolavukati.com\/#\/schema\/person\/b1546d41479026778a71df6b32bed778","name":"admin","image":{"@type":"ImageObject","inLanguage":"es","@id":"https:\/\/interpolavukati.com\/#\/schema\/person\/image\/","url":"https:\/\/secure.gravatar.com\/avatar\/3a4192ab7a896ee82872910a2e59d54e67bb5ac0a947bc7918a43b6b88be9bd1?s=96&d=mm&r=g","contentUrl":"https:\/\/secure.gravatar.com\/avatar\/3a4192ab7a896ee82872910a2e59d54e67bb5ac0a947bc7918a43b6b88be9bd1?s=96&d=mm&r=g","caption":"admin"},"sameAs":["https:\/\/interpolavukati.com"]}]}},"_links":{"self":[{"href":"https:\/\/interpolavukati.com\/es\/wp-json\/wp\/v2\/posts\/11521","targetHints":{"allow":["GET"]}}],"collection":[{"href":"https:\/\/interpolavukati.com\/es\/wp-json\/wp\/v2\/posts"}],"about":[{"href":"https:\/\/interpolavukati.com\/es\/wp-json\/wp\/v2\/types\/post"}],"author":[{"embeddable":true,"href":"https:\/\/interpolavukati.com\/es\/wp-json\/wp\/v2\/users\/1"}],"replies":[{"embeddable":true,"href":"https:\/\/interpolavukati.com\/es\/wp-json\/wp\/v2\/comments?post=11521"}],"version-history":[{"count":0,"href":"https:\/\/interpolavukati.com\/es\/wp-json\/wp\/v2\/posts\/11521\/revisions"}],"wp:attachment":[{"href":"https:\/\/interpolavukati.com\/es\/wp-json\/wp\/v2\/media?parent=11521"}],"wp:term":[{"taxonomy":"category","embeddable":true,"href":"https:\/\/interpolavukati.com\/es\/wp-json\/wp\/v2\/categories?post=11521"},{"taxonomy":"post_tag","embeddable":true,"href":"https:\/\/interpolavukati.com\/es\/wp-json\/wp\/v2\/tags?post=11521"}],"curies":[{"name":"wp","href":"https:\/\/api.w.org\/{rel}","templated":true}]}}