{"id":11526,"date":"2026-08-07T06:32:10","date_gmt":"2026-08-07T06:32:10","guid":{"rendered":"https:\/\/interpolavukati.com\/proceso-de-extradicion-entre-austria-y-turkiye\/"},"modified":"2026-08-07T06:32:10","modified_gmt":"2026-08-07T06:32:10","slug":"proceso-de-extradicion-entre-austria-y-turkiye","status":"publish","type":"post","link":"https:\/\/interpolavukati.com\/es\/proceso-de-extradicion-entre-austria-y-turkiye\/","title":{"rendered":"Proceso de extradici\u00f3n entre Austria y T\u00fcrkiye"},"content":{"rendered":"<article>\n<p><strong>Extradici\u00f3n de criminales entre Austria y T\u00fcrkiye<\/strong> El punto distintivo del expediente es el siguiente: la extradici\u00f3n entre Austria y Turqu\u00eda se lleva a cabo con el r\u00e9gimen de extradici\u00f3n cl\u00e1sico, no con el sistema de orden de detenci\u00f3n europea dentro de la UE. Esta distinci\u00f3n afecta directamente a la naturaleza del documento, a la comunicaci\u00f3n de la autoridad central y a las solicitudes contra la decisi\u00f3n de entrega.<\/p>\n<p>Una notificaci\u00f3n roja de Interpol no es una orden de detenci\u00f3n internacional. Es una solicitud de cooperaci\u00f3n para encontrar a la persona y capturarla temporalmente con fines de extradici\u00f3n; La existencia del expediente no obliga al tribunal a ordenar la entrega autom\u00e1tica.<\/p>\n<div id=\"ez-toc-container\" class=\"ez-toc-v2_0_76 counter-hierarchy ez-toc-counter ez-toc-grey ez-toc-container-direction\">\n<div class=\"ez-toc-title-container\">\n<p class=\"ez-toc-title\" style=\"cursor:inherit\">\u0130\u00e7indekiler<\/p>\n<span class=\"ez-toc-title-toggle\"><a href=\"#\" class=\"ez-toc-pull-right ez-toc-btn ez-toc-btn-xs ez-toc-btn-default ez-toc-toggle\" aria-label=\"Alternar tabla de contenidos\"><span class=\"ez-toc-js-icon-con\"><span class=\"\"><span class=\"eztoc-hide\" style=\"display:none;\">Toggle<\/span><span class=\"ez-toc-icon-toggle-span\"><svg style=\"fill: #999;color:#999\" xmlns=\"http:\/\/www.w3.org\/2000\/svg\" class=\"list-377408\" width=\"20px\" height=\"20px\" viewBox=\"0 0 24 24\" fill=\"none\"><path d=\"M6 6H4v2h2V6zm14 0H8v2h12V6zM4 11h2v2H4v-2zm16 0H8v2h12v-2zM4 16h2v2H4v-2zm16 0H8v2h12v-2z\" fill=\"currentColor\"><\/path><\/svg><svg style=\"fill: #999;color:#999\" class=\"arrow-unsorted-368013\" xmlns=\"http:\/\/www.w3.org\/2000\/svg\" width=\"10px\" height=\"10px\" viewBox=\"0 0 24 24\" version=\"1.2\" baseProfile=\"tiny\"><path d=\"M18.2 9.3l-6.2-6.3-6.2 6.3c-.2.2-.3.4-.3.7s.1.5.3.7c.2.2.4.3.7.3h11c.3 0 .5-.1.7-.3.2-.2.3-.5.3-.7s-.1-.5-.3-.7zM5.8 14.7l6.2 6.3 6.2-6.3c.2-.2.3-.5.3-.7s-.1-.5-.3-.7c-.2-.2-.4-.3-.7-.3h-11c-.3 0-.5.1-.7.3-.2.2-.3.5-.3.7s.1.5.3.7z\"\/><\/svg><\/span><\/span><\/span><\/a><\/span><\/div>\n<nav><ul class='ez-toc-list ez-toc-list-level-1 ' ><li class='ez-toc-page-1 ez-toc-heading-level-2'><a class=\"ez-toc-link ez-toc-heading-1\" href=\"https:\/\/interpolavukati.com\/es\/proceso-de-extradicion-entre-austria-y-turkiye\/#Por_que_en_Austria_no_se_aplican_las_ordenes_de_detencion_europeas\" >Por qu\u00e9 en Austria no se aplican las \u00f3rdenes de detenci\u00f3n europeas<\/a><\/li><li class='ez-toc-page-1 ez-toc-heading-level-2'><a class=\"ez-toc-link ez-toc-heading-2\" href=\"https:\/\/interpolavukati.com\/es\/proceso-de-extradicion-entre-austria-y-turkiye\/#Fase_ministerial_con_revision_judicial\" >Fase ministerial con revisi\u00f3n judicial<\/a><\/li><li class='ez-toc-page-1 ez-toc-heading-level-2'><a class=\"ez-toc-link ez-toc-heading-3\" href=\"https:\/\/interpolavukati.com\/es\/proceso-de-extradicion-entre-austria-y-turkiye\/#Primeros_pasos_de_la_defensa_en_caso_de_captura_en_Viena\" >Primeros pasos de la defensa en caso de captura en Viena<\/a><\/li><li class='ez-toc-page-1 ez-toc-heading-level-2'><a class=\"ez-toc-link ez-toc-heading-4\" href=\"https:\/\/interpolavukati.com\/es\/proceso-de-extradicion-entre-austria-y-turkiye\/#Plan_de_archivos_para_este_pais\" >Plan de archivos para este pa\u00eds.<\/a><\/li><li class='ez-toc-page-1 ez-toc-heading-level-2'><a class=\"ez-toc-link ez-toc-heading-5\" href=\"https:\/\/interpolavukati.com\/es\/proceso-de-extradicion-entre-austria-y-turkiye\/#Solicitud_paralela_de_registro_en_Interpol\" >Solicitud paralela de registro en Interpol<\/a><\/li><li class='ez-toc-page-1 ez-toc-heading-level-2'><a class=\"ez-toc-link ez-toc-heading-6\" href=\"https:\/\/interpolavukati.com\/es\/proceso-de-extradicion-entre-austria-y-turkiye\/#Preguntas_frecuentes\" >Preguntas frecuentes<\/a><ul class='ez-toc-list-level-3' ><li class='ez-toc-heading-level-3'><a class=\"ez-toc-link ez-toc-heading-7\" href=\"https:\/\/interpolavukati.com\/es\/proceso-de-extradicion-entre-austria-y-turkiye\/#%C2%BFAustria_entregara_a_los_ciudadanos_turcos\" >\u00bfAustria entregar\u00e1 a los ciudadanos turcos?<\/a><\/li><li class='ez-toc-page-1 ez-toc-heading-level-3'><a class=\"ez-toc-link ez-toc-heading-8\" href=\"https:\/\/interpolavukati.com\/es\/proceso-de-extradicion-entre-austria-y-turkiye\/#%C2%BFEs_posible_oponerse_a_la_detencion_por_extradicion\" >\u00bfEs posible oponerse a la detenci\u00f3n por extradici\u00f3n?<\/a><\/li><li class='ez-toc-page-1 ez-toc-heading-level-3'><a class=\"ez-toc-link ez-toc-heading-9\" href=\"https:\/\/interpolavukati.com\/es\/proceso-de-extradicion-entre-austria-y-turkiye\/#%C2%BFPuede_el_Ministerio_tomar_una_decision_diferente_a_la_opinion_judicial\" >\u00bfPuede el Ministerio tomar una decisi\u00f3n diferente a la opini\u00f3n judicial?<\/a><\/li><li class='ez-toc-page-1 ez-toc-heading-level-3'><a class=\"ez-toc-link ez-toc-heading-10\" href=\"https:\/\/interpolavukati.com\/es\/proceso-de-extradicion-entre-austria-y-turkiye\/#%C2%BFSe_considera_una_notificacion_roja_una_decision_de_devolucion\" >\u00bfSe considera una notificaci\u00f3n roja una decisi\u00f3n de devoluci\u00f3n?<\/a><\/li><li class='ez-toc-page-1 ez-toc-heading-level-3'><a class=\"ez-toc-link ez-toc-heading-11\" href=\"https:\/\/interpolavukati.com\/es\/proceso-de-extradicion-entre-austria-y-turkiye\/#%C2%BFLa_ciudadania_impide_la_rendicion\" >\u00bfLa ciudadan\u00eda impide la rendici\u00f3n?<\/a><\/li><li class='ez-toc-page-1 ez-toc-heading-level-3'><a class=\"ez-toc-link ez-toc-heading-12\" href=\"https:\/\/interpolavukati.com\/es\/proceso-de-extradicion-entre-austria-y-turkiye\/#%C2%BFSe_eliminara_el_registro_si_se_rechaza_el_reembolso\" >\u00bfSe eliminar\u00e1 el registro si se rechaza el reembolso?<\/a><\/li><li class='ez-toc-page-1 ez-toc-heading-level-3'><a class=\"ez-toc-link ez-toc-heading-13\" href=\"https:\/\/interpolavukati.com\/es\/proceso-de-extradicion-entre-austria-y-turkiye\/#%C2%BFEs_obligatoria_la_detencion_por_extradicion\" >\u00bfEs obligatoria la detenci\u00f3n por extradici\u00f3n?<\/a><\/li><\/ul><\/li><\/ul><\/nav><\/div>\n<h2><span class=\"ez-toc-section\" id=\"Por_que_en_Austria_no_se_aplican_las_ordenes_de_detencion_europeas\"><\/span>Por qu\u00e9 en Austria no se aplican las \u00f3rdenes de detenci\u00f3n europeas<span class=\"ez-toc-section-end\"><\/span><\/h2>\n<p>En Austria, cuando el tribunal examina si la extradici\u00f3n es legalmente aceptable, tambi\u00e9n se tienen en cuenta las competencias de las autoridades de la justicia federal en el proceso de extradici\u00f3n. En el momento de la solicitud deber\u00e1 comprobarse la condici\u00f3n de parte de Austria en las declaraciones y protocolos adicionales al Convenio Europeo de Extradici\u00f3n.<\/p>\n<p>En esta etapa <a href=\"https:\/\/interpolavukati.com\/es\/abogado-especializado-en-la-eliminacion-de-notificaciones-rojas-de-interpol\/\">Naturaleza jur\u00eddica de la notificaci\u00f3n roja<\/a> y la orden de arresto en el pa\u00eds de origen debe tratarse como documentos separados. La ausencia de una notificaci\u00f3n roja p\u00fablica no significa que no exista registro en el sistema de aplicaci\u00f3n de la ley.<\/p>\n<h2><span class=\"ez-toc-section\" id=\"Fase_ministerial_con_revision_judicial\"><\/span>Fase ministerial con revisi\u00f3n judicial<span class=\"ez-toc-section-end\"><\/span><\/h2>\n<p>La solicitud de extradici\u00f3n debe incluir la identidad de la persona, una descripci\u00f3n concreta del hecho, la decisi\u00f3n de arresto o condena, las disposiciones legales aplicables y el plazo de prescripci\u00f3n. El hecho de que el documento enviado no est\u00e9 actualizado, la similitud de los nombres o la incapacidad de la persona para conectarla con el cargo en el momento del crimen pueden convertirse en elementos centrales de la defensa.<\/p>\n<p>La Ley No. 6706 se aplica a la persona en Turqu\u00eda. El tribunal superior penal competente examina la admisibilidad; <a href=\"https:\/\/interpolavukati.com\/es\/como-oponerse-a-una-solicitud-de-extradicion-en-turquia\/\">Formas de oponerse a la solicitud de reembolso<\/a> Est\u00e1 sujeto a un l\u00edmite de tiempo dependiendo de la etapa de la decisi\u00f3n.<\/p>\n<h2><span class=\"ez-toc-section\" id=\"Primeros_pasos_de_la_defensa_en_caso_de_captura_en_Viena\"><\/span>Primeros pasos de la defensa en caso de captura en Viena<span class=\"ez-toc-section-end\"><\/span><\/h2>\n<p>La doble punibilidad no es s\u00f3lo la similitud de los nombres de los delitos; Se comprueba si la conducta descrita constituye un delito en ambas leyes. Los delitos pol\u00edticos, el procesamiento discriminatorio, la sentencia firme, la prescripci\u00f3n y los riesgos para los derechos humanos se alegan con documentos espec\u00edficos del caso.<\/p>\n<p>Incluso si se rechaza la extradici\u00f3n, el juicio en el propio pa\u00eds de la persona o la transferencia de la pena pueden estar en la agenda. <a href=\"https:\/\/interpolavukati.com\/es\/como-llevar-a-cabo-casos-de-extradicion-en-turquia\/\">Etapas del caso de extradici\u00f3n en Turqu\u00eda<\/a>, distingue entre la orden judicial y la entrega posterior.<\/p>\n<h2><span class=\"ez-toc-section\" id=\"Plan_de_archivos_para_este_pais\"><\/span>Plan de archivos para este pa\u00eds.<span class=\"ez-toc-section-end\"><\/span><\/h2>\n<table>\n<thead>\n<tr>\n<th>Escenario<\/th>\n<th>Tema a examinar<\/th>\n<\/tr>\n<\/thead>\n<tbody>\n<tr>\n<td>Atrapar<\/td>\n<td>Tipo de registro, identidad y proporcionalidad de la medida<\/td>\n<\/tr>\n<tr>\n<td>Pedido<\/td>\n<td>Decisi\u00f3n, resumen del caso, sentencia y traducci\u00f3n.<\/td>\n<\/tr>\n<tr>\n<td>Juicio<\/td>\n<td>Doble punibilidad y causales de desestimaci\u00f3n<\/td>\n<\/tr>\n<tr>\n<td>Entrega<\/td>\n<td>Decisi\u00f3n administrativa, aseguramiento y recursos legales.<\/td>\n<\/tr>\n<\/tbody>\n<\/table>\n<p>Adem\u00e1s de los documentos de identidad, ciudadan\u00eda, salud y vida familiar, se deben recopilar muestras de expedientes vigentes en el pa\u00eds de origen. En lugar de basarse \u00fanicamente en el informe general del pa\u00eds, se debe explicar por qu\u00e9 el riesgo afecta a esta persona.<\/p>\n<h2><span class=\"ez-toc-section\" id=\"Solicitud_paralela_de_registro_en_Interpol\"><\/span>Solicitud paralela de registro en Interpol<span class=\"ez-toc-section-end\"><\/span><\/h2>\n<p>CCF no revoca orden nacional de aprehensi\u00f3n; Comprueba la conformidad de los datos del sistema de Interpol con las normas. <a href=\"https:\/\/interpolavukati.com\/es\/como-solicitar-ccf-en-archivos-de-interpol\/\">solicitud CCF<\/a> Dado que no suspende autom\u00e1ticamente el caso de extradici\u00f3n, los dos procesos se llevan a cabo en el mismo cronograma pero por motivos legales diferentes.<\/p>\n<p><a href=\"https:\/\/interpolavukati.com\/es\/solicitudes-contra-ordenes-de-detencion-internacionales\/\">Solicitudes contra \u00f3rdenes de detenci\u00f3n internacionales<\/a> Se divide en tres: la decisi\u00f3n en el pa\u00eds de origen, la orden judicial en el pa\u00eds donde se encuentra la persona y el registro en Interpol. Con la abogada Esra Aslan <a href=\"https:\/\/interpolavukati.com\/es\/ponte-en-contacto-con\/\">reunirse caso por caso<\/a> Se puede establecer una cronolog\u00eda com\u00fan sin hacer afirmaciones contradictorias.<\/p>\n<h2><span class=\"ez-toc-section\" id=\"Preguntas_frecuentes\"><\/span>Preguntas frecuentes<span class=\"ez-toc-section-end\"><\/span><\/h2>\n<h3><span class=\"ez-toc-section\" id=\"%C2%BFAustria_entregara_a_los_ciudadanos_turcos\"><\/span>\u00bfAustria entregar\u00e1 a los ciudadanos turcos?<span class=\"ez-toc-section-end\"><\/span><\/h3>\n<p>La competencia y el procedimiento est\u00e1n determinados por la legislaci\u00f3n austriaca y los contratos aplicables; debe cotejarse con los documentos del archivo actual.<\/p>\n<h3><span class=\"ez-toc-section\" id=\"%C2%BFEs_posible_oponerse_a_la_detencion_por_extradicion\"><\/span>\u00bfEs posible oponerse a la detenci\u00f3n por extradici\u00f3n?<span class=\"ez-toc-section-end\"><\/span><\/h3>\n<p>El efecto de la aplicaci\u00f3n no es autom\u00e1tico. La autoridad competente tambi\u00e9n examina la necesidad de la medida y el fundamento jur\u00eddico de la solicitud.<\/p>\n<h3><span class=\"ez-toc-section\" id=\"%C2%BFPuede_el_Ministerio_tomar_una_decision_diferente_a_la_opinion_judicial\"><\/span>\u00bfPuede el Ministerio tomar una decisi\u00f3n diferente a la opini\u00f3n judicial?<span class=\"ez-toc-section-end\"><\/span><\/h3>\n<p>El recurso legal depende del tipo de decisi\u00f3n y de la etapa; El plazo deber\u00e1 computarse inmediatamente despu\u00e9s de la notificaci\u00f3n de la decisi\u00f3n.<\/p>\n<h3><span class=\"ez-toc-section\" id=\"%C2%BFSe_considera_una_notificacion_roja_una_decision_de_devolucion\"><\/span>\u00bfSe considera una notificaci\u00f3n roja una decisi\u00f3n de devoluci\u00f3n?<span class=\"ez-toc-section-end\"><\/span><\/h3>\n<p>No. Una notificaci\u00f3n roja es una solicitud de cooperaci\u00f3n policial internacional basada en una orden de arresto nacional.<\/p>\n<h3><span class=\"ez-toc-section\" id=\"%C2%BFLa_ciudadania_impide_la_rendicion\"><\/span>\u00bfLa ciudadan\u00eda impide la rendici\u00f3n?<span class=\"ez-toc-section-end\"><\/span><\/h3>\n<p>El efecto de la ciudadan\u00eda var\u00eda seg\u00fan la direcci\u00f3n del reclamo y las reglas constitucionales del estado correspondiente.<\/p>\n<h3><span class=\"ez-toc-section\" id=\"%C2%BFSe_eliminara_el_registro_si_se_rechaza_el_reembolso\"><\/span>\u00bfSe eliminar\u00e1 el registro si se rechaza el reembolso?<span class=\"ez-toc-section-end\"><\/span><\/h3>\n<p>No se elimina autom\u00e1ticamente; La justificaci\u00f3n del rechazo podr\u00e1 presentarse por separado a la CCF y a las autoridades de origen.<\/p>\n<h3><span class=\"ez-toc-section\" id=\"%C2%BFEs_obligatoria_la_detencion_por_extradicion\"><\/span>\u00bfEs obligatoria la detenci\u00f3n por extradici\u00f3n?<span class=\"ez-toc-section-end\"><\/span><\/h3>\n<p>No es autom\u00e1tico en todos los archivos. Se pueden discutir medidas alternativas en t\u00e9rminos de riesgo de fuga y proporcionalidad.<\/p>\n<blockquote>\n<p>Este art\u00edculo es informaci\u00f3n legal general. En el expediente concreto tambi\u00e9n deben examinarse la legislaci\u00f3n vigente, las declaraciones de contratos, los documentos oficiales y los plazos.<\/p>\n<\/blockquote>\n<\/article>\n","protected":false},"excerpt":{"rendered":"<p>Extradici\u00f3n de criminales entre Austria y T\u00fcrkiye El punto distintivo del expediente es el siguiente: la extradici\u00f3n entre Austria y Turqu\u00eda se lleva a cabo con el r\u00e9gimen de extradici\u00f3n cl\u00e1sico, no con el sistema de orden de detenci\u00f3n europea dentro de la UE. Esta distinci\u00f3n afecta directamente a la naturaleza del documento, a la [&hellip;]<\/p>\n","protected":false},"author":1,"featured_media":0,"comment_status":"open","ping_status":"open","sticky":false,"template":"","format":"standard","meta":{"footnotes":""},"categories":[1],"tags":[],"class_list":["post-11526","post","type-post","status-publish","format-standard","hentry","category-blog","kng-no-post-thumbnail"],"yoast_head":"<!-- This site is optimized with the Yoast SEO plugin v25.1 - https:\/\/yoast.com\/wordpress\/plugins\/seo\/ -->\n<title>Proceso de extradici\u00f3n Austria-T\u00fcrkiye y objecionesProceso de extradici\u00f3n entre Austria y T\u00fcrkiye - \u0130nterpol Avukat\u0131<\/title>\n<meta name=\"description\" content=\"Extradici\u00f3n de delincuentes entre Austria y T\u00fcrkiye; detenci\u00f3n temporal, doble punibilidad, derechos humanos, proceso judicial y de apelaci\u00f3n.\" \/>\n<meta name=\"robots\" content=\"index, follow, max-snippet:-1, max-image-preview:large, max-video-preview:-1\" \/>\n<link rel=\"canonical\" href=\"https:\/\/interpolavukati.com\/avusturya-turkiye-suclularin-iadesi\/\" \/>\n<meta property=\"og:locale\" content=\"es_ES\" \/>\n<meta property=\"og:type\" content=\"article\" \/>\n<meta property=\"og:title\" content=\"Proceso de extradici\u00f3n Austria-T\u00fcrkiye y objecionesProceso de extradici\u00f3n entre Austria y T\u00fcrkiye - \u0130nterpol Avukat\u0131\" \/>\n<meta property=\"og:description\" content=\"Extradici\u00f3n de delincuentes entre Austria y T\u00fcrkiye; detenci\u00f3n temporal, doble punibilidad, derechos humanos, proceso judicial y de apelaci\u00f3n.\" \/>\n<meta property=\"og:url\" content=\"https:\/\/interpolavukati.com\/avusturya-turkiye-suclularin-iadesi\/\" \/>\n<meta property=\"og:site_name\" content=\"\u0130nterpol Avukat\u0131\" \/>\n<meta property=\"article:published_time\" content=\"2026-08-07T06:32:10+00:00\" \/>\n<meta name=\"author\" content=\"admin\" \/>\n<meta name=\"twitter:card\" content=\"summary_large_image\" \/>\n<meta name=\"twitter:label1\" content=\"Escrito por\" \/>\n\t<meta name=\"twitter:data1\" content=\"admin\" \/>\n\t<meta name=\"twitter:label2\" content=\"Tiempo de lectura\" \/>\n\t<meta name=\"twitter:data2\" content=\"5 minutos\" \/>\n<script type=\"application\/ld+json\" class=\"yoast-schema-graph\">{\"@context\":\"https:\/\/schema.org\",\"@graph\":[{\"@type\":\"Article\",\"@id\":\"https:\/\/interpolavukati.com\/avusturya-turkiye-suclularin-iadesi\/#article\",\"isPartOf\":{\"@id\":\"https:\/\/interpolavukati.com\/avusturya-turkiye-suclularin-iadesi\/\"},\"author\":{\"name\":\"admin\",\"@id\":\"https:\/\/interpolavukati.com\/#\/schema\/person\/b1546d41479026778a71df6b32bed778\"},\"headline\":\"Proceso de extradici\u00f3n entre Austria y T\u00fcrkiye\",\"datePublished\":\"2026-08-07T06:32:10+00:00\",\"mainEntityOfPage\":{\"@id\":\"https:\/\/interpolavukati.com\/avusturya-turkiye-suclularin-iadesi\/\"},\"wordCount\":972,\"commentCount\":0,\"publisher\":{\"@id\":\"https:\/\/interpolavukati.com\/#organization\"},\"articleSection\":[\"Blog\"],\"inLanguage\":\"es\",\"potentialAction\":[{\"@type\":\"CommentAction\",\"name\":\"Comment\",\"target\":[\"https:\/\/interpolavukati.com\/avusturya-turkiye-suclularin-iadesi\/#respond\"]}]},{\"@type\":\"WebPage\",\"@id\":\"https:\/\/interpolavukati.com\/avusturya-turkiye-suclularin-iadesi\/\",\"url\":\"https:\/\/interpolavukati.com\/avusturya-turkiye-suclularin-iadesi\/\",\"name\":\"Proceso de extradici\u00f3n Austria-T\u00fcrkiye y objecionesProceso de extradici\u00f3n entre Austria y T\u00fcrkiye - \u0130nterpol Avukat\u0131\",\"isPartOf\":{\"@id\":\"https:\/\/interpolavukati.com\/#website\"},\"datePublished\":\"2026-08-07T06:32:10+00:00\",\"description\":\"Extradici\u00f3n de delincuentes entre Austria y T\u00fcrkiye; detenci\u00f3n temporal, doble punibilidad, derechos humanos, proceso judicial y de apelaci\u00f3n.\",\"breadcrumb\":{\"@id\":\"https:\/\/interpolavukati.com\/avusturya-turkiye-suclularin-iadesi\/#breadcrumb\"},\"inLanguage\":\"es\",\"potentialAction\":[{\"@type\":\"ReadAction\",\"target\":[\"https:\/\/interpolavukati.com\/avusturya-turkiye-suclularin-iadesi\/\"]}]},{\"@type\":\"BreadcrumbList\",\"@id\":\"https:\/\/interpolavukati.com\/avusturya-turkiye-suclularin-iadesi\/#breadcrumb\",\"itemListElement\":[{\"@type\":\"ListItem\",\"position\":1,\"name\":\"Anasayfa\",\"item\":\"https:\/\/interpolavukati.com\/es\/\"},{\"@type\":\"ListItem\",\"position\":2,\"name\":\"Proceso de extradici\u00f3n entre Austria y T\u00fcrkiye\"}]},{\"@type\":\"WebSite\",\"@id\":\"https:\/\/interpolavukati.com\/#website\",\"url\":\"https:\/\/interpolavukati.com\/\",\"name\":\"\u0130nterpol Avukat\u0131\",\"description\":\"\",\"publisher\":{\"@id\":\"https:\/\/interpolavukati.com\/#organization\"},\"potentialAction\":[{\"@type\":\"SearchAction\",\"target\":{\"@type\":\"EntryPoint\",\"urlTemplate\":\"https:\/\/interpolavukati.com\/?s={search_term_string}\"},\"query-input\":{\"@type\":\"PropertyValueSpecification\",\"valueRequired\":true,\"valueName\":\"search_term_string\"}}],\"inLanguage\":\"es\"},{\"@type\":\"Organization\",\"@id\":\"https:\/\/interpolavukati.com\/#organization\",\"name\":\"\u0130nterpol Avukat\u0131\",\"url\":\"https:\/\/interpolavukati.com\/\",\"logo\":{\"@type\":\"ImageObject\",\"inLanguage\":\"es\",\"@id\":\"https:\/\/interpolavukati.com\/#\/schema\/logo\/image\/\",\"url\":\"https:\/\/interpolavukati.com\/wp-content\/uploads\/2021\/11\/interpol-avukati-logo-renkli-scaled.png\",\"contentUrl\":\"https:\/\/interpolavukati.com\/wp-content\/uploads\/2021\/11\/interpol-avukati-logo-renkli-scaled.png\",\"width\":1600,\"height\":533,\"caption\":\"\u0130nterpol Avukat\u0131\"},\"image\":{\"@id\":\"https:\/\/interpolavukati.com\/#\/schema\/logo\/image\/\"}},{\"@type\":\"Person\",\"@id\":\"https:\/\/interpolavukati.com\/#\/schema\/person\/b1546d41479026778a71df6b32bed778\",\"name\":\"admin\",\"image\":{\"@type\":\"ImageObject\",\"inLanguage\":\"es\",\"@id\":\"https:\/\/interpolavukati.com\/#\/schema\/person\/image\/\",\"url\":\"https:\/\/secure.gravatar.com\/avatar\/3a4192ab7a896ee82872910a2e59d54e67bb5ac0a947bc7918a43b6b88be9bd1?s=96&d=mm&r=g\",\"contentUrl\":\"https:\/\/secure.gravatar.com\/avatar\/3a4192ab7a896ee82872910a2e59d54e67bb5ac0a947bc7918a43b6b88be9bd1?s=96&d=mm&r=g\",\"caption\":\"admin\"},\"sameAs\":[\"https:\/\/interpolavukati.com\"]}]}<\/script>\n<!-- \/ Yoast SEO plugin. -->","yoast_head_json":{"title":"Proceso de extradici\u00f3n Austria-T\u00fcrkiye y objecionesProceso de extradici\u00f3n entre Austria y T\u00fcrkiye - \u0130nterpol Avukat\u0131","description":"Extradici\u00f3n de delincuentes entre Austria y T\u00fcrkiye; detenci\u00f3n temporal, doble punibilidad, derechos humanos, proceso judicial y de apelaci\u00f3n.","robots":{"index":"index","follow":"follow","max-snippet":"max-snippet:-1","max-image-preview":"max-image-preview:large","max-video-preview":"max-video-preview:-1"},"canonical":"https:\/\/interpolavukati.com\/avusturya-turkiye-suclularin-iadesi\/","og_locale":"es_ES","og_type":"article","og_title":"Proceso de extradici\u00f3n Austria-T\u00fcrkiye y objecionesProceso de extradici\u00f3n entre Austria y T\u00fcrkiye - \u0130nterpol Avukat\u0131","og_description":"Extradici\u00f3n de delincuentes entre Austria y T\u00fcrkiye; detenci\u00f3n temporal, doble punibilidad, derechos humanos, proceso judicial y de apelaci\u00f3n.","og_url":"https:\/\/interpolavukati.com\/avusturya-turkiye-suclularin-iadesi\/","og_site_name":"\u0130nterpol Avukat\u0131","article_published_time":"2026-08-07T06:32:10+00:00","author":"admin","twitter_card":"summary_large_image","twitter_misc":{"Escrito por":"admin","Tiempo de lectura":"5 minutos"},"schema":{"@context":"https:\/\/schema.org","@graph":[{"@type":"Article","@id":"https:\/\/interpolavukati.com\/avusturya-turkiye-suclularin-iadesi\/#article","isPartOf":{"@id":"https:\/\/interpolavukati.com\/avusturya-turkiye-suclularin-iadesi\/"},"author":{"name":"admin","@id":"https:\/\/interpolavukati.com\/#\/schema\/person\/b1546d41479026778a71df6b32bed778"},"headline":"Proceso de extradici\u00f3n entre Austria y T\u00fcrkiye","datePublished":"2026-08-07T06:32:10+00:00","mainEntityOfPage":{"@id":"https:\/\/interpolavukati.com\/avusturya-turkiye-suclularin-iadesi\/"},"wordCount":972,"commentCount":0,"publisher":{"@id":"https:\/\/interpolavukati.com\/#organization"},"articleSection":["Blog"],"inLanguage":"es","potentialAction":[{"@type":"CommentAction","name":"Comment","target":["https:\/\/interpolavukati.com\/avusturya-turkiye-suclularin-iadesi\/#respond"]}]},{"@type":"WebPage","@id":"https:\/\/interpolavukati.com\/avusturya-turkiye-suclularin-iadesi\/","url":"https:\/\/interpolavukati.com\/avusturya-turkiye-suclularin-iadesi\/","name":"Proceso de extradici\u00f3n Austria-T\u00fcrkiye y objecionesProceso de extradici\u00f3n entre Austria y T\u00fcrkiye - \u0130nterpol Avukat\u0131","isPartOf":{"@id":"https:\/\/interpolavukati.com\/#website"},"datePublished":"2026-08-07T06:32:10+00:00","description":"Extradici\u00f3n de delincuentes entre Austria y T\u00fcrkiye; detenci\u00f3n temporal, doble punibilidad, derechos humanos, proceso judicial y de apelaci\u00f3n.","breadcrumb":{"@id":"https:\/\/interpolavukati.com\/avusturya-turkiye-suclularin-iadesi\/#breadcrumb"},"inLanguage":"es","potentialAction":[{"@type":"ReadAction","target":["https:\/\/interpolavukati.com\/avusturya-turkiye-suclularin-iadesi\/"]}]},{"@type":"BreadcrumbList","@id":"https:\/\/interpolavukati.com\/avusturya-turkiye-suclularin-iadesi\/#breadcrumb","itemListElement":[{"@type":"ListItem","position":1,"name":"Anasayfa","item":"https:\/\/interpolavukati.com\/es\/"},{"@type":"ListItem","position":2,"name":"Proceso de extradici\u00f3n entre Austria y T\u00fcrkiye"}]},{"@type":"WebSite","@id":"https:\/\/interpolavukati.com\/#website","url":"https:\/\/interpolavukati.com\/","name":"\u0130nterpol Avukat\u0131","description":"","publisher":{"@id":"https:\/\/interpolavukati.com\/#organization"},"potentialAction":[{"@type":"SearchAction","target":{"@type":"EntryPoint","urlTemplate":"https:\/\/interpolavukati.com\/?s={search_term_string}"},"query-input":{"@type":"PropertyValueSpecification","valueRequired":true,"valueName":"search_term_string"}}],"inLanguage":"es"},{"@type":"Organization","@id":"https:\/\/interpolavukati.com\/#organization","name":"\u0130nterpol Avukat\u0131","url":"https:\/\/interpolavukati.com\/","logo":{"@type":"ImageObject","inLanguage":"es","@id":"https:\/\/interpolavukati.com\/#\/schema\/logo\/image\/","url":"https:\/\/interpolavukati.com\/wp-content\/uploads\/2021\/11\/interpol-avukati-logo-renkli-scaled.png","contentUrl":"https:\/\/interpolavukati.com\/wp-content\/uploads\/2021\/11\/interpol-avukati-logo-renkli-scaled.png","width":1600,"height":533,"caption":"\u0130nterpol Avukat\u0131"},"image":{"@id":"https:\/\/interpolavukati.com\/#\/schema\/logo\/image\/"}},{"@type":"Person","@id":"https:\/\/interpolavukati.com\/#\/schema\/person\/b1546d41479026778a71df6b32bed778","name":"admin","image":{"@type":"ImageObject","inLanguage":"es","@id":"https:\/\/interpolavukati.com\/#\/schema\/person\/image\/","url":"https:\/\/secure.gravatar.com\/avatar\/3a4192ab7a896ee82872910a2e59d54e67bb5ac0a947bc7918a43b6b88be9bd1?s=96&d=mm&r=g","contentUrl":"https:\/\/secure.gravatar.com\/avatar\/3a4192ab7a896ee82872910a2e59d54e67bb5ac0a947bc7918a43b6b88be9bd1?s=96&d=mm&r=g","caption":"admin"},"sameAs":["https:\/\/interpolavukati.com"]}]}},"_links":{"self":[{"href":"https:\/\/interpolavukati.com\/es\/wp-json\/wp\/v2\/posts\/11526","targetHints":{"allow":["GET"]}}],"collection":[{"href":"https:\/\/interpolavukati.com\/es\/wp-json\/wp\/v2\/posts"}],"about":[{"href":"https:\/\/interpolavukati.com\/es\/wp-json\/wp\/v2\/types\/post"}],"author":[{"embeddable":true,"href":"https:\/\/interpolavukati.com\/es\/wp-json\/wp\/v2\/users\/1"}],"replies":[{"embeddable":true,"href":"https:\/\/interpolavukati.com\/es\/wp-json\/wp\/v2\/comments?post=11526"}],"version-history":[{"count":0,"href":"https:\/\/interpolavukati.com\/es\/wp-json\/wp\/v2\/posts\/11526\/revisions"}],"wp:attachment":[{"href":"https:\/\/interpolavukati.com\/es\/wp-json\/wp\/v2\/media?parent=11526"}],"wp:term":[{"taxonomy":"category","embeddable":true,"href":"https:\/\/interpolavukati.com\/es\/wp-json\/wp\/v2\/categories?post=11526"},{"taxonomy":"post_tag","embeddable":true,"href":"https:\/\/interpolavukati.com\/es\/wp-json\/wp\/v2\/tags?post=11526"}],"curies":[{"name":"wp","href":"https:\/\/api.w.org\/{rel}","templated":true}]}}