{"id":11551,"date":"2026-08-07T07:33:52","date_gmt":"2026-08-07T07:33:52","guid":{"rendered":"https:\/\/interpolavukati.com\/proceso-de-extradicion-entre-alemania-y-turkiye\/"},"modified":"2026-08-07T07:33:52","modified_gmt":"2026-08-07T07:33:52","slug":"proceso-de-extradicion-entre-alemania-y-turkiye","status":"publish","type":"post","link":"https:\/\/interpolavukati.com\/es\/proceso-de-extradicion-entre-alemania-y-turkiye\/","title":{"rendered":"Proceso de extradici\u00f3n entre Alemania y T\u00fcrkiye"},"content":{"rendered":"<article>\n<p><strong>Extradici\u00f3n de criminales entre Alemania y T\u00fcrkiye<\/strong>Se lleva a cabo en el marco de la ley nacional del Estado donde se encuentra la persona buscada, el Convenio Europeo de Extradici\u00f3n y dem\u00e1s normas internacionales aplicables en el caso concreto. Cada solicitud de Turqu\u00eda a Alemania o de Alemania a Turqu\u00eda; Las \u00f3rdenes de detenci\u00f3n v\u00e1lidas se examinan por separado en t\u00e9rminos de la naturaleza del delito, las pruebas y los documentos de decisi\u00f3n, y las garant\u00edas de derechos humanos.<\/p>\n<p>La notificaci\u00f3n roja de Interpol no es una decisi\u00f3n de extradici\u00f3n. Se trata de un pedido de cooperaci\u00f3n policial internacional para localizar a la persona y capturarla temporalmente para su extradici\u00f3n. Alemania o T\u00fcrkiye deciden la captura y la extradici\u00f3n seg\u00fan su propia ley.<\/p>\n<div id=\"ez-toc-container\" class=\"ez-toc-v2_0_76 counter-hierarchy ez-toc-counter ez-toc-grey ez-toc-container-direction\">\n<div class=\"ez-toc-title-container\">\n<p class=\"ez-toc-title\" style=\"cursor:inherit\">\u0130\u00e7indekiler<\/p>\n<span class=\"ez-toc-title-toggle\"><a href=\"#\" class=\"ez-toc-pull-right ez-toc-btn ez-toc-btn-xs ez-toc-btn-default ez-toc-toggle\" aria-label=\"Alternar tabla de contenidos\"><span class=\"ez-toc-js-icon-con\"><span class=\"\"><span class=\"eztoc-hide\" style=\"display:none;\">Toggle<\/span><span class=\"ez-toc-icon-toggle-span\"><svg style=\"fill: #999;color:#999\" xmlns=\"http:\/\/www.w3.org\/2000\/svg\" class=\"list-377408\" width=\"20px\" height=\"20px\" viewBox=\"0 0 24 24\" fill=\"none\"><path d=\"M6 6H4v2h2V6zm14 0H8v2h12V6zM4 11h2v2H4v-2zm16 0H8v2h12v-2zM4 16h2v2H4v-2zm16 0H8v2h12v-2z\" fill=\"currentColor\"><\/path><\/svg><svg style=\"fill: #999;color:#999\" class=\"arrow-unsorted-368013\" xmlns=\"http:\/\/www.w3.org\/2000\/svg\" width=\"10px\" height=\"10px\" viewBox=\"0 0 24 24\" version=\"1.2\" baseProfile=\"tiny\"><path d=\"M18.2 9.3l-6.2-6.3-6.2 6.3c-.2.2-.3.4-.3.7s.1.5.3.7c.2.2.4.3.7.3h11c.3 0 .5-.1.7-.3.2-.2.3-.5.3-.7s-.1-.5-.3-.7zM5.8 14.7l6.2 6.3 6.2-6.3c.2-.2.3-.5.3-.7s-.1-.5-.3-.7c-.2-.2-.4-.3-.7-.3h-11c-.3 0-.5.1-.7.3-.2.2-.3.5-.3.7s.1.5.3.7z\"\/><\/svg><\/span><\/span><\/span><\/a><\/span><\/div>\n<nav><ul class='ez-toc-list ez-toc-list-level-1 ' ><li class='ez-toc-page-1 ez-toc-heading-level-2'><a class=\"ez-toc-link ez-toc-heading-1\" href=\"https:\/\/interpolavukati.com\/es\/proceso-de-extradicion-entre-alemania-y-turkiye\/#Base_juridica_del_proceso_de_extradicion_Alemania-Turkiye\" >Base jur\u00eddica del proceso de extradici\u00f3n Alemania-T\u00fcrkiye<\/a><\/li><li class='ez-toc-page-1 ez-toc-heading-level-2'><a class=\"ez-toc-link ez-toc-heading-2\" href=\"https:\/\/interpolavukati.com\/es\/proceso-de-extradicion-entre-alemania-y-turkiye\/#Detencion_provisional_y_registro_en_Interpol\" >Detenci\u00f3n provisional y registro en Interpol<\/a><\/li><li class='ez-toc-page-1 ez-toc-heading-level-2'><a class=\"ez-toc-link ez-toc-heading-3\" href=\"https:\/\/interpolavukati.com\/es\/proceso-de-extradicion-entre-alemania-y-turkiye\/#Como_evaluar_las_condiciones_de_devolucion\" >C\u00f3mo evaluar las condiciones de devoluci\u00f3n<\/a><\/li><li class='ez-toc-page-1 ez-toc-heading-level-2'><a class=\"ez-toc-link ez-toc-heading-4\" href=\"https:\/\/interpolavukati.com\/es\/proceso-de-extradicion-entre-alemania-y-turkiye\/#%C2%BFLa_ciudadania_impide_la_extradicion\" >\u00bfLa ciudadan\u00eda impide la extradici\u00f3n?<\/a><\/li><li class='ez-toc-page-1 ez-toc-heading-level-2'><a class=\"ez-toc-link ez-toc-heading-5\" href=\"https:\/\/interpolavukati.com\/es\/proceso-de-extradicion-entre-alemania-y-turkiye\/#Etapas_del_caso_de_extradicion_en_Turquia\" >Etapas del caso de extradici\u00f3n en Turqu\u00eda<\/a><\/li><li class='ez-toc-page-1 ez-toc-heading-level-2'><a class=\"ez-toc-link ez-toc-heading-6\" href=\"https:\/\/interpolavukati.com\/es\/proceso-de-extradicion-entre-alemania-y-turkiye\/#%C2%BFEs_necesario_solicitar_por_separado_el_registro_en_Interpol\" >\u00bfEs necesario solicitar por separado el registro en Interpol?<\/a><\/li><li class='ez-toc-page-1 ez-toc-heading-level-2'><a class=\"ez-toc-link ez-toc-heading-7\" href=\"https:\/\/interpolavukati.com\/es\/proceso-de-extradicion-entre-alemania-y-turkiye\/#Preguntas_frecuentes\" >Preguntas frecuentes<\/a><ul class='ez-toc-list-level-3' ><li class='ez-toc-heading-level-3'><a class=\"ez-toc-link ez-toc-heading-8\" href=\"https:\/\/interpolavukati.com\/es\/proceso-de-extradicion-entre-alemania-y-turkiye\/#%C2%BFLa_notificacion_roja_en_Alemania_preve_el_arresto_automatico_en_Turquia\" >\u00bfLa notificaci\u00f3n roja en Alemania prev\u00e9 el arresto autom\u00e1tico en Turqu\u00eda?<\/a><\/li><li class='ez-toc-page-1 ez-toc-heading-level-3'><a class=\"ez-toc-link ez-toc-heading-9\" href=\"https:\/\/interpolavukati.com\/es\/proceso-de-extradicion-entre-alemania-y-turkiye\/#%C2%BFTurkiye_extraditara_a_sus_propios_ciudadanos_a_Alemania\" >\u00bfT\u00fcrkiye extraditar\u00e1 a sus propios ciudadanos a Alemania?<\/a><\/li><li class='ez-toc-page-1 ez-toc-heading-level-3'><a class=\"ez-toc-link ez-toc-heading-10\" href=\"https:\/\/interpolavukati.com\/es\/proceso-de-extradicion-entre-alemania-y-turkiye\/#%C2%BFCuanto_se_tarda_en_regresar_de_Alemania_a_Turquia\" >\u00bfCu\u00e1nto se tarda en regresar de Alemania a Turqu\u00eda?<\/a><\/li><li class='ez-toc-page-1 ez-toc-heading-level-3'><a class=\"ez-toc-link ez-toc-heading-11\" href=\"https:\/\/interpolavukati.com\/es\/proceso-de-extradicion-entre-alemania-y-turkiye\/#%C2%BFLa_acusacion_de_delito_politico_impide_la_extradicion\" >\u00bfLa acusaci\u00f3n de delito pol\u00edtico impide la extradici\u00f3n?<\/a><\/li><li class='ez-toc-page-1 ez-toc-heading-level-3'><a class=\"ez-toc-link ez-toc-heading-12\" href=\"https:\/\/interpolavukati.com\/es\/proceso-de-extradicion-entre-alemania-y-turkiye\/#Si_se_rechaza_la_extradicion_%C2%BFse_borrara_el_expediente_de_Interpol\" >Si se rechaza la extradici\u00f3n, \u00bfse borrar\u00e1 el expediente de Interpol?<\/a><\/li><li class='ez-toc-page-1 ez-toc-heading-level-3'><a class=\"ez-toc-link ez-toc-heading-13\" href=\"https:\/\/interpolavukati.com\/es\/proceso-de-extradicion-entre-alemania-y-turkiye\/#%C2%BFExiste_extradicion_en_casos_de_condena_en_rebeldia\" >\u00bfExiste extradici\u00f3n en casos de condena en rebeld\u00eda?<\/a><\/li><li class='ez-toc-page-1 ez-toc-heading-level-3'><a class=\"ez-toc-link ez-toc-heading-14\" href=\"https:\/\/interpolavukati.com\/es\/proceso-de-extradicion-entre-alemania-y-turkiye\/#%C2%BFEs_posible_transferir_la_pena_en_lugar_de_extraditar\" >\u00bfEs posible transferir la pena en lugar de extraditar?<\/a><\/li><\/ul><\/li><\/ul><\/nav><\/div>\n<h2><span class=\"ez-toc-section\" id=\"Base_juridica_del_proceso_de_extradicion_Alemania-Turkiye\"><\/span>Base jur\u00eddica del proceso de extradici\u00f3n Alemania-T\u00fcrkiye<span class=\"ez-toc-section-end\"><\/span><\/h2>\n<p>Ambos pa\u00edses forman parte del sistema del Convenio Europeo de Extradici\u00f3n. Para T\u00fcrkiye, la Ley de Cooperaci\u00f3n Judicial Internacional en Materia Penal No. 6706 regula el procedimiento interno. En Alemania se aplica la legislaci\u00f3n alemana y la supervisi\u00f3n judicial en materia de asistencia jur\u00eddica penal internacional. Las reservas y notificaciones incluidas en el contrato deber\u00e1n comprobarse por separado seg\u00fan el sentido de la solicitud.<\/p>\n<p>La extradici\u00f3n podr\u00e1 solicitarse con fines de investigaci\u00f3n o procesamiento o de ejecuci\u00f3n de una sentencia firme. La carta de solicitud debe incluir la identidad de la persona, descripci\u00f3n del incidente, naturaleza jur\u00eddica del delito, informaci\u00f3n sobre el plazo de prescripci\u00f3n y una copia adecuada de la decisi\u00f3n de arresto o condena.<\/p>\n<h2><span class=\"ez-toc-section\" id=\"Detencion_provisional_y_registro_en_Interpol\"><\/span>Detenci\u00f3n provisional y registro en Interpol<span class=\"ez-toc-section-end\"><\/span><\/h2>\n<p>En casos urgentes se podr\u00e1 solicitar la detenci\u00f3n temporal antes de recibir el documento oficial de extradici\u00f3n. La notificaci\u00f3n de Interpol se puede utilizar para localizar a la persona en esta etapa; sin embargo <a href=\"https:\/\/interpolavukati.com\/es\/abogado-especializado-en-la-eliminacion-de-notificaciones-rojas-de-interpol\/\">Efecto jur\u00eddico de la notificaci\u00f3n roja<\/a> Es independiente de la orden de detenci\u00f3n nacional y de los procedimientos de extradici\u00f3n.<\/p>\n<p>Cuando una persona es capturada en Turqu\u00eda, el proceso ante la fiscal\u00eda y el tribunal se sigue en t\u00e9rminos de la necesidad y proporcionalidad de las medidas restrictivas de la libertad. En caso de detenci\u00f3n en Alemania, seg\u00fan el estado del expediente se incluyen en el orden del d\u00eda las funciones del tribunal superior regional competente y de las autoridades federales. La falta de presentaci\u00f3n de la solicitud oficial dentro del plazo estipulado podr\u00e1 afectar la continuaci\u00f3n de la medida cautelar.<\/p>\n<h2><span class=\"ez-toc-section\" id=\"Como_evaluar_las_condiciones_de_devolucion\"><\/span>C\u00f3mo evaluar las condiciones de devoluci\u00f3n<span class=\"ez-toc-section-end\"><\/span><\/h2>\n<ul>\n<li><strong>Doble punibilidad:<\/strong> Se investiga si el hecho constituye un delito en ambos pa\u00edses.<\/li>\n<li><strong>Gravedad del delito:<\/strong> Se comprueba el umbral de sanci\u00f3n previsto en el Convenio y en la legislaci\u00f3n nacional.<\/li>\n<li><strong>Estatuto de limitaciones:<\/strong> Los plazos se examinan en t\u00e9rminos de solicitud y ejecuci\u00f3n.<\/li>\n<li><strong>No ser juzgado por el mismo hecho:<\/strong> Se tiene en cuenta la decisi\u00f3n final o el juicio en curso.<\/li>\n<li><strong>Crimen pol\u00edtico y discriminaci\u00f3n:<\/strong> Se eval\u00faa el verdadero prop\u00f3sito de la solicitud.<\/li>\n<li><strong>Derechos humanos:<\/strong> Se investiga el riesgo concreto de malos tratos, juicios justos y condiciones carcelarias.<\/li>\n<\/ul>\n<p>Las objeciones no deben estar respaldadas por afirmaciones abstractas, sino por documentos actualizados relacionados con la situaci\u00f3n de la persona y las circunstancias del caso. <a href=\"https:\/\/interpolavukati.com\/es\/como-oponerse-a-una-solicitud-de-extradicion-en-turquia\/\">Objeci\u00f3n a la solicitud de extradici\u00f3n en Turqu\u00eda<\/a> El tipo de decisi\u00f3n y la duraci\u00f3n deben determinarse inmediatamente.<\/p>\n<h2><span class=\"ez-toc-section\" id=\"%C2%BFLa_ciudadania_impide_la_extradicion\"><\/span>\u00bfLa ciudadan\u00eda impide la extradici\u00f3n?<span class=\"ez-toc-section-end\"><\/span><\/h2>\n<p>La cuesti\u00f3n de la ciudadan\u00eda var\u00eda seg\u00fan la direcci\u00f3n de la solicitud y las disposiciones constitucionales\/legales del estado correspondiente. Las restricciones constitucionales de Alemania a la extradici\u00f3n de sus ciudadanos a terceros pa\u00edses no son las mismas que las normas de Turqu\u00eda sobre la extradici\u00f3n de ciudadanos. Tambi\u00e9n se eval\u00faa la doble ciudadan\u00eda y el lugar donde se cometi\u00f3 el hecho.<\/p>\n<p>Negarse a la extradici\u00f3n no significa impunidad. En circunstancias apropiadas, pueden pasar a primer plano otros medios de cooperaci\u00f3n judicial, como la investigaci\u00f3n del expediente en el estado del que la persona es ciudadana, la transferencia de pruebas o la transferencia de la ejecuci\u00f3n de la sentencia.<\/p>\n<h2><span class=\"ez-toc-section\" id=\"Etapas_del_caso_de_extradicion_en_Turquia\"><\/span>Etapas del caso de extradici\u00f3n en Turqu\u00eda<span class=\"ez-toc-section-end\"><\/span><\/h2>\n<ol>\n<li>La solicitud y sus anexos se transmiten a trav\u00e9s de una autoridad central diplom\u00e1tica o designada.<\/li>\n<li>Se comprueba la forma, traducci\u00f3n y suficiencia legal de los documentos.<\/li>\n<li>Se eval\u00faan medidas temporales de captura o protecci\u00f3n.<\/li>\n<li>El tribunal superior penal competente decide sobre la admisibilidad de la extradici\u00f3n.<\/li>\n<li>Luego de los recursos judiciales, la etapa de decisi\u00f3n administrativa se lleva a cabo en el marco de las disposiciones aplicables.<\/li>\n<\/ol>\n<p><a href=\"https:\/\/interpolavukati.com\/es\/como-llevar-a-cabo-casos-de-extradicion-en-turquia\/\">Detalles del caso de extradici\u00f3n en Turqu\u00eda<\/a>, distingue entre revisi\u00f3n judicial y entrega final. Si la persona se encuentra en Alemania, se toman como base las autoridades procesales y de oposici\u00f3n alemanas.<\/p>\n<h2><span class=\"ez-toc-section\" id=\"%C2%BFEs_necesario_solicitar_por_separado_el_registro_en_Interpol\"><\/span>\u00bfEs necesario solicitar por separado el registro en Interpol?<span class=\"ez-toc-section-end\"><\/span><\/h2>\n<p>Defender la solicitud de extradici\u00f3n ante un tribunal nacional no elimina autom\u00e1ticamente los datos de Interpol. Si se considera que los datos son inexactos, desactualizados o contrarios a las normas de Interpol <a href=\"https:\/\/interpolavukati.com\/es\/como-solicitar-ccf-en-archivos-de-interpol\/\">solicitud CCF<\/a> Tambi\u00e9n se puede preparar. La CCF tampoco revoca la orden nacional de detenci\u00f3n.<\/p>\n<p>Es importante establecer una cronolog\u00eda consistente entre el expediente, los procedimientos de extradici\u00f3n y el proceso CCF en el pa\u00eds de origen. Con la abogada Esra Aslan <a href=\"https:\/\/interpolavukati.com\/es\/ponte-en-contacto-con\/\">discutiendo el archivo concreto<\/a> Las transacciones en Alemania y Turqu\u00eda se pueden evaluar juntas.<\/p>\n<h2><span class=\"ez-toc-section\" id=\"Preguntas_frecuentes\"><\/span>Preguntas frecuentes<span class=\"ez-toc-section-end\"><\/span><\/h2>\n<h3><span class=\"ez-toc-section\" id=\"%C2%BFLa_notificacion_roja_en_Alemania_preve_el_arresto_automatico_en_Turquia\"><\/span>\u00bfLa notificaci\u00f3n roja en Alemania prev\u00e9 el arresto autom\u00e1tico en Turqu\u00eda?<span class=\"ez-toc-section-end\"><\/span><\/h3>\n<p>No. Las autoridades turcas eval\u00faan las medidas de arresto y protecci\u00f3n seg\u00fan su propia ley.<\/p>\n<h3><span class=\"ez-toc-section\" id=\"%C2%BFTurkiye_extraditara_a_sus_propios_ciudadanos_a_Alemania\"><\/span>\u00bfT\u00fcrkiye extraditar\u00e1 a sus propios ciudadanos a Alemania?<span class=\"ez-toc-section-end\"><\/span><\/h3>\n<p>La ciudadan\u00eda es un motivo importante de rechazo; Las excepciones constitucionales y el estatus concreto deben examinarse por separado.<\/p>\n<h3><span class=\"ez-toc-section\" id=\"%C2%BFCuanto_se_tarda_en_regresar_de_Alemania_a_Turquia\"><\/span>\u00bfCu\u00e1nto se tarda en regresar de Alemania a Turqu\u00eda?<span class=\"ez-toc-section-end\"><\/span><\/h3>\n<p>No hay una duraci\u00f3n fija. La finalizaci\u00f3n de documentos, la detenci\u00f3n, las apelaciones y la revisi\u00f3n de derechos humanos afectan el per\u00edodo de tiempo.<\/p>\n<h3><span class=\"ez-toc-section\" id=\"%C2%BFLa_acusacion_de_delito_politico_impide_la_extradicion\"><\/span>\u00bfLa acusaci\u00f3n de delito pol\u00edtico impide la extradici\u00f3n?<span class=\"ez-toc-section-end\"><\/span><\/h3>\n<p>Si la solicitud constituye realmente un delito pol\u00edtico o un procesamiento discriminatorio se eval\u00faa con datos concretos.<\/p>\n<h3><span class=\"ez-toc-section\" id=\"Si_se_rechaza_la_extradicion_%C2%BFse_borrara_el_expediente_de_Interpol\"><\/span>Si se rechaza la extradici\u00f3n, \u00bfse borrar\u00e1 el expediente de Interpol?<span class=\"ez-toc-section-end\"><\/span><\/h3>\n<p>No se elimina autom\u00e1ticamente. La justificaci\u00f3n del rechazo podr\u00e1 presentarse por separado a la CCF y a las autoridades de origen.<\/p>\n<h3><span class=\"ez-toc-section\" id=\"%C2%BFExiste_extradicion_en_casos_de_condena_en_rebeldia\"><\/span>\u00bfExiste extradici\u00f3n en casos de condena en rebeld\u00eda?<span class=\"ez-toc-section-end\"><\/span><\/h3>\n<p>Se examina la naturaleza de la decisi\u00f3n, incluidas las garant\u00edas de un nuevo juicio o de una defensa efectiva.<\/p>\n<h3><span class=\"ez-toc-section\" id=\"%C2%BFEs_posible_transferir_la_pena_en_lugar_de_extraditar\"><\/span>\u00bfEs posible transferir la pena en lugar de extraditar?<span class=\"ez-toc-section-end\"><\/span><\/h3>\n<p>Si existen contratos aplicables y la aprobaci\u00f3n de ambos estados, se puede considerar el traslado de prisioneros o la cooperaci\u00f3n en la ejecuci\u00f3n.<\/p>\n<blockquote>\n<p>Este contenido es para fines de informaci\u00f3n legal general. En el expediente concreto tambi\u00e9n deben comprobarse las disposiciones contractuales actuales, las reservas, la legislaci\u00f3n nacional y los plazos.<\/p>\n<\/blockquote>\n<\/article>\n","protected":false},"excerpt":{"rendered":"<p>Extradici\u00f3n de criminales entre Alemania y T\u00fcrkiyeSe lleva a cabo en el marco de la ley nacional del Estado donde se encuentra la persona buscada, el Convenio Europeo de Extradici\u00f3n y dem\u00e1s normas internacionales aplicables en el caso concreto. Cada solicitud de Turqu\u00eda a Alemania o de Alemania a Turqu\u00eda; Las \u00f3rdenes de detenci\u00f3n v\u00e1lidas [&hellip;]<\/p>\n","protected":false},"author":1,"featured_media":0,"comment_status":"open","ping_status":"open","sticky":false,"template":"","format":"standard","meta":{"footnotes":""},"categories":[1],"tags":[],"class_list":["post-11551","post","type-post","status-publish","format-standard","hentry","category-blog","kng-no-post-thumbnail"],"yoast_head":"<!-- This site is optimized with the Yoast SEO plugin v25.1 - https:\/\/yoast.com\/wordpress\/plugins\/seo\/ -->\n<title>Proceso de extradici\u00f3n Alemania-T\u00fcrkiye - \u0130nterpol Avukat\u0131<\/title>\n<meta name=\"description\" content=\"Extradici\u00f3n de criminales entre Alemania y T\u00fcrkiye; detenci\u00f3n provisional, doble punibilidad, delito pol\u00edtico, derechos humanos y recursos.\" \/>\n<meta name=\"robots\" content=\"index, follow, max-snippet:-1, max-image-preview:large, max-video-preview:-1\" \/>\n<link rel=\"canonical\" href=\"https:\/\/interpolavukati.com\/almanya-turkiye-suclularin-iadesi\/\" \/>\n<meta property=\"og:locale\" content=\"es_ES\" \/>\n<meta property=\"og:type\" content=\"article\" \/>\n<meta property=\"og:title\" content=\"Proceso de extradici\u00f3n Alemania-T\u00fcrkiye - \u0130nterpol Avukat\u0131\" \/>\n<meta property=\"og:description\" content=\"Extradici\u00f3n de criminales entre Alemania y T\u00fcrkiye; detenci\u00f3n provisional, doble punibilidad, delito pol\u00edtico, derechos humanos y recursos.\" \/>\n<meta property=\"og:url\" content=\"https:\/\/interpolavukati.com\/almanya-turkiye-suclularin-iadesi\/\" \/>\n<meta property=\"og:site_name\" content=\"\u0130nterpol Avukat\u0131\" \/>\n<meta property=\"article:published_time\" content=\"2026-08-07T07:33:52+00:00\" \/>\n<meta name=\"author\" content=\"admin\" \/>\n<meta name=\"twitter:card\" content=\"summary_large_image\" \/>\n<meta name=\"twitter:label1\" content=\"Escrito por\" \/>\n\t<meta name=\"twitter:data1\" content=\"admin\" \/>\n\t<meta name=\"twitter:label2\" content=\"Tiempo de lectura\" \/>\n\t<meta name=\"twitter:data2\" content=\"6 minutos\" \/>\n<script type=\"application\/ld+json\" class=\"yoast-schema-graph\">{\"@context\":\"https:\/\/schema.org\",\"@graph\":[{\"@type\":\"Article\",\"@id\":\"https:\/\/interpolavukati.com\/almanya-turkiye-suclularin-iadesi\/#article\",\"isPartOf\":{\"@id\":\"https:\/\/interpolavukati.com\/almanya-turkiye-suclularin-iadesi\/\"},\"author\":{\"name\":\"admin\",\"@id\":\"https:\/\/interpolavukati.com\/#\/schema\/person\/b1546d41479026778a71df6b32bed778\"},\"headline\":\"Proceso de extradici\u00f3n entre Alemania y T\u00fcrkiye\",\"datePublished\":\"2026-08-07T07:33:52+00:00\",\"mainEntityOfPage\":{\"@id\":\"https:\/\/interpolavukati.com\/almanya-turkiye-suclularin-iadesi\/\"},\"wordCount\":1229,\"commentCount\":0,\"publisher\":{\"@id\":\"https:\/\/interpolavukati.com\/#organization\"},\"articleSection\":[\"Blog\"],\"inLanguage\":\"es\",\"potentialAction\":[{\"@type\":\"CommentAction\",\"name\":\"Comment\",\"target\":[\"https:\/\/interpolavukati.com\/almanya-turkiye-suclularin-iadesi\/#respond\"]}]},{\"@type\":\"WebPage\",\"@id\":\"https:\/\/interpolavukati.com\/almanya-turkiye-suclularin-iadesi\/\",\"url\":\"https:\/\/interpolavukati.com\/almanya-turkiye-suclularin-iadesi\/\",\"name\":\"Proceso de extradici\u00f3n Alemania-T\u00fcrkiye - \u0130nterpol Avukat\u0131\",\"isPartOf\":{\"@id\":\"https:\/\/interpolavukati.com\/#website\"},\"datePublished\":\"2026-08-07T07:33:52+00:00\",\"description\":\"Extradici\u00f3n de criminales entre Alemania y T\u00fcrkiye; detenci\u00f3n provisional, doble punibilidad, delito pol\u00edtico, derechos humanos y recursos.\",\"breadcrumb\":{\"@id\":\"https:\/\/interpolavukati.com\/almanya-turkiye-suclularin-iadesi\/#breadcrumb\"},\"inLanguage\":\"es\",\"potentialAction\":[{\"@type\":\"ReadAction\",\"target\":[\"https:\/\/interpolavukati.com\/almanya-turkiye-suclularin-iadesi\/\"]}]},{\"@type\":\"BreadcrumbList\",\"@id\":\"https:\/\/interpolavukati.com\/almanya-turkiye-suclularin-iadesi\/#breadcrumb\",\"itemListElement\":[{\"@type\":\"ListItem\",\"position\":1,\"name\":\"Anasayfa\",\"item\":\"https:\/\/interpolavukati.com\/es\/\"},{\"@type\":\"ListItem\",\"position\":2,\"name\":\"Proceso de extradici\u00f3n entre Alemania y T\u00fcrkiye\"}]},{\"@type\":\"WebSite\",\"@id\":\"https:\/\/interpolavukati.com\/#website\",\"url\":\"https:\/\/interpolavukati.com\/\",\"name\":\"\u0130nterpol Avukat\u0131\",\"description\":\"\",\"publisher\":{\"@id\":\"https:\/\/interpolavukati.com\/#organization\"},\"potentialAction\":[{\"@type\":\"SearchAction\",\"target\":{\"@type\":\"EntryPoint\",\"urlTemplate\":\"https:\/\/interpolavukati.com\/?s={search_term_string}\"},\"query-input\":{\"@type\":\"PropertyValueSpecification\",\"valueRequired\":true,\"valueName\":\"search_term_string\"}}],\"inLanguage\":\"es\"},{\"@type\":\"Organization\",\"@id\":\"https:\/\/interpolavukati.com\/#organization\",\"name\":\"\u0130nterpol Avukat\u0131\",\"url\":\"https:\/\/interpolavukati.com\/\",\"logo\":{\"@type\":\"ImageObject\",\"inLanguage\":\"es\",\"@id\":\"https:\/\/interpolavukati.com\/#\/schema\/logo\/image\/\",\"url\":\"https:\/\/interpolavukati.com\/wp-content\/uploads\/2021\/11\/interpol-avukati-logo-renkli-scaled.png\",\"contentUrl\":\"https:\/\/interpolavukati.com\/wp-content\/uploads\/2021\/11\/interpol-avukati-logo-renkli-scaled.png\",\"width\":1600,\"height\":533,\"caption\":\"\u0130nterpol Avukat\u0131\"},\"image\":{\"@id\":\"https:\/\/interpolavukati.com\/#\/schema\/logo\/image\/\"}},{\"@type\":\"Person\",\"@id\":\"https:\/\/interpolavukati.com\/#\/schema\/person\/b1546d41479026778a71df6b32bed778\",\"name\":\"admin\",\"image\":{\"@type\":\"ImageObject\",\"inLanguage\":\"es\",\"@id\":\"https:\/\/interpolavukati.com\/#\/schema\/person\/image\/\",\"url\":\"https:\/\/secure.gravatar.com\/avatar\/3a4192ab7a896ee82872910a2e59d54e67bb5ac0a947bc7918a43b6b88be9bd1?s=96&d=mm&r=g\",\"contentUrl\":\"https:\/\/secure.gravatar.com\/avatar\/3a4192ab7a896ee82872910a2e59d54e67bb5ac0a947bc7918a43b6b88be9bd1?s=96&d=mm&r=g\",\"caption\":\"admin\"},\"sameAs\":[\"https:\/\/interpolavukati.com\"]}]}<\/script>\n<!-- \/ Yoast SEO plugin. -->","yoast_head_json":{"title":"Proceso de extradici\u00f3n Alemania-T\u00fcrkiye - \u0130nterpol Avukat\u0131","description":"Extradici\u00f3n de criminales entre Alemania y T\u00fcrkiye; detenci\u00f3n provisional, doble punibilidad, delito pol\u00edtico, derechos humanos y recursos.","robots":{"index":"index","follow":"follow","max-snippet":"max-snippet:-1","max-image-preview":"max-image-preview:large","max-video-preview":"max-video-preview:-1"},"canonical":"https:\/\/interpolavukati.com\/almanya-turkiye-suclularin-iadesi\/","og_locale":"es_ES","og_type":"article","og_title":"Proceso de extradici\u00f3n Alemania-T\u00fcrkiye - \u0130nterpol Avukat\u0131","og_description":"Extradici\u00f3n de criminales entre Alemania y T\u00fcrkiye; detenci\u00f3n provisional, doble punibilidad, delito pol\u00edtico, derechos humanos y recursos.","og_url":"https:\/\/interpolavukati.com\/almanya-turkiye-suclularin-iadesi\/","og_site_name":"\u0130nterpol Avukat\u0131","article_published_time":"2026-08-07T07:33:52+00:00","author":"admin","twitter_card":"summary_large_image","twitter_misc":{"Escrito por":"admin","Tiempo de lectura":"6 minutos"},"schema":{"@context":"https:\/\/schema.org","@graph":[{"@type":"Article","@id":"https:\/\/interpolavukati.com\/almanya-turkiye-suclularin-iadesi\/#article","isPartOf":{"@id":"https:\/\/interpolavukati.com\/almanya-turkiye-suclularin-iadesi\/"},"author":{"name":"admin","@id":"https:\/\/interpolavukati.com\/#\/schema\/person\/b1546d41479026778a71df6b32bed778"},"headline":"Proceso de extradici\u00f3n entre Alemania y T\u00fcrkiye","datePublished":"2026-08-07T07:33:52+00:00","mainEntityOfPage":{"@id":"https:\/\/interpolavukati.com\/almanya-turkiye-suclularin-iadesi\/"},"wordCount":1229,"commentCount":0,"publisher":{"@id":"https:\/\/interpolavukati.com\/#organization"},"articleSection":["Blog"],"inLanguage":"es","potentialAction":[{"@type":"CommentAction","name":"Comment","target":["https:\/\/interpolavukati.com\/almanya-turkiye-suclularin-iadesi\/#respond"]}]},{"@type":"WebPage","@id":"https:\/\/interpolavukati.com\/almanya-turkiye-suclularin-iadesi\/","url":"https:\/\/interpolavukati.com\/almanya-turkiye-suclularin-iadesi\/","name":"Proceso de extradici\u00f3n Alemania-T\u00fcrkiye - \u0130nterpol Avukat\u0131","isPartOf":{"@id":"https:\/\/interpolavukati.com\/#website"},"datePublished":"2026-08-07T07:33:52+00:00","description":"Extradici\u00f3n de criminales entre Alemania y T\u00fcrkiye; detenci\u00f3n provisional, doble punibilidad, delito pol\u00edtico, derechos humanos y recursos.","breadcrumb":{"@id":"https:\/\/interpolavukati.com\/almanya-turkiye-suclularin-iadesi\/#breadcrumb"},"inLanguage":"es","potentialAction":[{"@type":"ReadAction","target":["https:\/\/interpolavukati.com\/almanya-turkiye-suclularin-iadesi\/"]}]},{"@type":"BreadcrumbList","@id":"https:\/\/interpolavukati.com\/almanya-turkiye-suclularin-iadesi\/#breadcrumb","itemListElement":[{"@type":"ListItem","position":1,"name":"Anasayfa","item":"https:\/\/interpolavukati.com\/es\/"},{"@type":"ListItem","position":2,"name":"Proceso de extradici\u00f3n entre Alemania y T\u00fcrkiye"}]},{"@type":"WebSite","@id":"https:\/\/interpolavukati.com\/#website","url":"https:\/\/interpolavukati.com\/","name":"\u0130nterpol Avukat\u0131","description":"","publisher":{"@id":"https:\/\/interpolavukati.com\/#organization"},"potentialAction":[{"@type":"SearchAction","target":{"@type":"EntryPoint","urlTemplate":"https:\/\/interpolavukati.com\/?s={search_term_string}"},"query-input":{"@type":"PropertyValueSpecification","valueRequired":true,"valueName":"search_term_string"}}],"inLanguage":"es"},{"@type":"Organization","@id":"https:\/\/interpolavukati.com\/#organization","name":"\u0130nterpol Avukat\u0131","url":"https:\/\/interpolavukati.com\/","logo":{"@type":"ImageObject","inLanguage":"es","@id":"https:\/\/interpolavukati.com\/#\/schema\/logo\/image\/","url":"https:\/\/interpolavukati.com\/wp-content\/uploads\/2021\/11\/interpol-avukati-logo-renkli-scaled.png","contentUrl":"https:\/\/interpolavukati.com\/wp-content\/uploads\/2021\/11\/interpol-avukati-logo-renkli-scaled.png","width":1600,"height":533,"caption":"\u0130nterpol Avukat\u0131"},"image":{"@id":"https:\/\/interpolavukati.com\/#\/schema\/logo\/image\/"}},{"@type":"Person","@id":"https:\/\/interpolavukati.com\/#\/schema\/person\/b1546d41479026778a71df6b32bed778","name":"admin","image":{"@type":"ImageObject","inLanguage":"es","@id":"https:\/\/interpolavukati.com\/#\/schema\/person\/image\/","url":"https:\/\/secure.gravatar.com\/avatar\/3a4192ab7a896ee82872910a2e59d54e67bb5ac0a947bc7918a43b6b88be9bd1?s=96&d=mm&r=g","contentUrl":"https:\/\/secure.gravatar.com\/avatar\/3a4192ab7a896ee82872910a2e59d54e67bb5ac0a947bc7918a43b6b88be9bd1?s=96&d=mm&r=g","caption":"admin"},"sameAs":["https:\/\/interpolavukati.com"]}]}},"_links":{"self":[{"href":"https:\/\/interpolavukati.com\/es\/wp-json\/wp\/v2\/posts\/11551","targetHints":{"allow":["GET"]}}],"collection":[{"href":"https:\/\/interpolavukati.com\/es\/wp-json\/wp\/v2\/posts"}],"about":[{"href":"https:\/\/interpolavukati.com\/es\/wp-json\/wp\/v2\/types\/post"}],"author":[{"embeddable":true,"href":"https:\/\/interpolavukati.com\/es\/wp-json\/wp\/v2\/users\/1"}],"replies":[{"embeddable":true,"href":"https:\/\/interpolavukati.com\/es\/wp-json\/wp\/v2\/comments?post=11551"}],"version-history":[{"count":0,"href":"https:\/\/interpolavukati.com\/es\/wp-json\/wp\/v2\/posts\/11551\/revisions"}],"wp:attachment":[{"href":"https:\/\/interpolavukati.com\/es\/wp-json\/wp\/v2\/media?parent=11551"}],"wp:term":[{"taxonomy":"category","embeddable":true,"href":"https:\/\/interpolavukati.com\/es\/wp-json\/wp\/v2\/categories?post=11551"},{"taxonomy":"post_tag","embeddable":true,"href":"https:\/\/interpolavukati.com\/es\/wp-json\/wp\/v2\/tags?post=11551"}],"curies":[{"name":"wp","href":"https:\/\/api.w.org\/{rel}","templated":true}]}}