{"id":11605,"date":"2026-08-07T08:20:01","date_gmt":"2026-08-07T08:20:01","guid":{"rendered":"https:\/\/interpolavukati.com\/abogado-de-ordenes-de-detencion-internacionales-en-turquia\/"},"modified":"2026-08-07T08:20:01","modified_gmt":"2026-08-07T08:20:01","slug":"abogado-de-ordenes-de-detencion-internacionales-en-turquia","status":"publish","type":"post","link":"https:\/\/interpolavukati.com\/es\/abogado-de-ordenes-de-detencion-internacionales-en-turquia\/","title":{"rendered":"Abogado de \u00f3rdenes de detenci\u00f3n internacionales en Turqu\u00eda"},"content":{"rendered":"<article>\n<p><strong>Abogado con orden de detenci\u00f3n internacional en Turqu\u00eda<\/strong>examina qu\u00e9 consecuencias jur\u00eddicas tiene en Turqu\u00eda una orden de detenci\u00f3n emitida por un Estado extranjero y qu\u00e9 acciones se pueden tomar contra la persona. La \u201corden de detenci\u00f3n internacional\u201d no es un documento uniforme. Debe distinguirse notificaci\u00f3n roja, difusi\u00f3n, decisi\u00f3n de tribunal extranjero, solicitud de detenci\u00f3n provisional o expediente oficial de extradici\u00f3n.<\/p>\n<p>Sin hacer esta distinci\u00f3n, no se puede llegar a una conclusi\u00f3n definitiva sobre extradici\u00f3n o arresto simplemente mirando el registro de b\u00fasqueda. En Turqu\u00eda, las acciones que restringen la libertad se llevan a cabo en el marco de la legislaci\u00f3n nacional, el contrato aplicable y la decisi\u00f3n de la autoridad competente.<\/p>\n<div id=\"ez-toc-container\" class=\"ez-toc-v2_0_76 counter-hierarchy ez-toc-counter ez-toc-grey ez-toc-container-direction\">\n<div class=\"ez-toc-title-container\">\n<p class=\"ez-toc-title\" style=\"cursor:inherit\">\u0130\u00e7indekiler<\/p>\n<span class=\"ez-toc-title-toggle\"><a href=\"#\" class=\"ez-toc-pull-right ez-toc-btn ez-toc-btn-xs ez-toc-btn-default ez-toc-toggle\" aria-label=\"Alternar tabla de contenidos\"><span class=\"ez-toc-js-icon-con\"><span class=\"\"><span class=\"eztoc-hide\" style=\"display:none;\">Toggle<\/span><span class=\"ez-toc-icon-toggle-span\"><svg style=\"fill: #999;color:#999\" xmlns=\"http:\/\/www.w3.org\/2000\/svg\" class=\"list-377408\" width=\"20px\" height=\"20px\" viewBox=\"0 0 24 24\" fill=\"none\"><path d=\"M6 6H4v2h2V6zm14 0H8v2h12V6zM4 11h2v2H4v-2zm16 0H8v2h12v-2zM4 16h2v2H4v-2zm16 0H8v2h12v-2z\" fill=\"currentColor\"><\/path><\/svg><svg style=\"fill: #999;color:#999\" class=\"arrow-unsorted-368013\" xmlns=\"http:\/\/www.w3.org\/2000\/svg\" width=\"10px\" height=\"10px\" viewBox=\"0 0 24 24\" version=\"1.2\" baseProfile=\"tiny\"><path d=\"M18.2 9.3l-6.2-6.3-6.2 6.3c-.2.2-.3.4-.3.7s.1.5.3.7c.2.2.4.3.7.3h11c.3 0 .5-.1.7-.3.2-.2.3-.5.3-.7s-.1-.5-.3-.7zM5.8 14.7l6.2 6.3 6.2-6.3c.2-.2.3-.5.3-.7s-.1-.5-.3-.7c-.2-.2-.4-.3-.7-.3h-11c-.3 0-.5.1-.7.3-.2.2-.3.5-.3.7s.1.5.3.7z\"\/><\/svg><\/span><\/span><\/span><\/a><\/span><\/div>\n<nav><ul class='ez-toc-list ez-toc-list-level-1 ' ><li class='ez-toc-page-1 ez-toc-heading-level-2'><a class=\"ez-toc-link ez-toc-heading-1\" href=\"https:\/\/interpolavukati.com\/es\/abogado-de-ordenes-de-detencion-internacionales-en-turquia\/#%C2%BFQue_significa_una_orden_de_arresto_internacional\" >\u00bfQu\u00e9 significa una orden de arresto internacional?<\/a><\/li><li class='ez-toc-page-1 ez-toc-heading-level-2'><a class=\"ez-toc-link ez-toc-heading-2\" href=\"https:\/\/interpolavukati.com\/es\/abogado-de-ordenes-de-detencion-internacionales-en-turquia\/#La_diferencia_entre_una_notificacion_roja_y_una_orden_de_arresto\" >La diferencia entre una notificaci\u00f3n roja y una orden de arresto<\/a><\/li><li class='ez-toc-page-1 ez-toc-heading-level-2'><a class=\"ez-toc-link ez-toc-heading-3\" href=\"https:\/\/interpolavukati.com\/es\/abogado-de-ordenes-de-detencion-internacionales-en-turquia\/#Proceso_de_captura_y_detencion_en_Turquia\" >Proceso de captura y detenci\u00f3n en Turqu\u00eda<\/a><\/li><li class='ez-toc-page-1 ez-toc-heading-level-2'><a class=\"ez-toc-link ez-toc-heading-4\" href=\"https:\/\/interpolavukati.com\/es\/abogado-de-ordenes-de-detencion-internacionales-en-turquia\/#%C2%BFEn_que_circunstancias_se_considera_la_prision_provisional\" >\u00bfEn qu\u00e9 circunstancias se considera la prisi\u00f3n provisional?<\/a><\/li><li class='ez-toc-page-1 ez-toc-heading-level-2'><a class=\"ez-toc-link ez-toc-heading-5\" href=\"https:\/\/interpolavukati.com\/es\/abogado-de-ordenes-de-detencion-internacionales-en-turquia\/#%C2%BFQue_sucede_si_se_realiza_una_solicitud_de_devolucion\" >\u00bfQu\u00e9 sucede si se realiza una solicitud de devoluci\u00f3n?<\/a><\/li><li class='ez-toc-page-1 ez-toc-heading-level-2'><a class=\"ez-toc-link ez-toc-heading-6\" href=\"https:\/\/interpolavukati.com\/es\/abogado-de-ordenes-de-detencion-internacionales-en-turquia\/#%C2%BFQue_temas_de_defensa_se_examinan\" >\u00bfQu\u00e9 temas de defensa se examinan?<\/a><\/li><li class='ez-toc-page-1 ez-toc-heading-level-2'><a class=\"ez-toc-link ez-toc-heading-7\" href=\"https:\/\/interpolavukati.com\/es\/abogado-de-ordenes-de-detencion-internacionales-en-turquia\/#%C2%BFPueden_ir_juntas_la_aplicacion_y_la_defensa_del_CCF_en_Turquia\" >\u00bfPueden ir juntas la aplicaci\u00f3n y la defensa del CCF en Turqu\u00eda?<\/a><\/li><li class='ez-toc-page-1 ez-toc-heading-level-2'><a class=\"ez-toc-link ez-toc-heading-8\" href=\"https:\/\/interpolavukati.com\/es\/abogado-de-ordenes-de-detencion-internacionales-en-turquia\/#Plan_de_accion_de_emergencia_del_abogado\" >Plan de acci\u00f3n de emergencia del abogado<\/a><\/li><li class='ez-toc-page-1 ez-toc-heading-level-2'><a class=\"ez-toc-link ez-toc-heading-9\" href=\"https:\/\/interpolavukati.com\/es\/abogado-de-ordenes-de-detencion-internacionales-en-turquia\/#Evaluacion_de_expediente_con_la_abogada_Esra_Aslan\" >Evaluaci\u00f3n de expediente con la abogada Esra Aslan<\/a><\/li><li class='ez-toc-page-1 ez-toc-heading-level-2'><a class=\"ez-toc-link ez-toc-heading-10\" href=\"https:\/\/interpolavukati.com\/es\/abogado-de-ordenes-de-detencion-internacionales-en-turquia\/#Preguntas_frecuentes\" >Preguntas frecuentes<\/a><ul class='ez-toc-list-level-3' ><li class='ez-toc-heading-level-3'><a class=\"ez-toc-link ez-toc-heading-11\" href=\"https:\/\/interpolavukati.com\/es\/abogado-de-ordenes-de-detencion-internacionales-en-turquia\/#%C2%BFSe_aplica_automaticamente_una_orden_de_detencion_extranjera_en_Turquia\" >\u00bfSe aplica autom\u00e1ticamente una orden de detenci\u00f3n extranjera en Turqu\u00eda?<\/a><\/li><li class='ez-toc-page-1 ez-toc-heading-level-3'><a class=\"ez-toc-link ez-toc-heading-12\" href=\"https:\/\/interpolavukati.com\/es\/abogado-de-ordenes-de-detencion-internacionales-en-turquia\/#%C2%BFEs_una_notificacion_roja_una_orden_de_arresto_por_si_sola\" >\u00bfEs una notificaci\u00f3n roja una orden de arresto por s\u00ed sola?<\/a><\/li><li class='ez-toc-page-1 ez-toc-heading-level-3'><a class=\"ez-toc-link ez-toc-heading-13\" href=\"https:\/\/interpolavukati.com\/es\/abogado-de-ordenes-de-detencion-internacionales-en-turquia\/#Que_hacer_si_atrapan_a_la_persona_equivocada\" >Qu\u00e9 hacer si atrapan a la persona equivocada<\/a><\/li><li class='ez-toc-page-1 ez-toc-heading-level-3'><a class=\"ez-toc-link ez-toc-heading-14\" href=\"https:\/\/interpolavukati.com\/es\/abogado-de-ordenes-de-detencion-internacionales-en-turquia\/#%C2%BFCuanto_dura_la_prision_provisional\" >\u00bfCu\u00e1nto dura la prisi\u00f3n provisional?<\/a><\/li><li class='ez-toc-page-1 ez-toc-heading-level-3'><a class=\"ez-toc-link ez-toc-heading-15\" href=\"https:\/\/interpolavukati.com\/es\/abogado-de-ordenes-de-detencion-internacionales-en-turquia\/#%C2%BFSe_pueden_extraditar_a_los_ciudadanos_turcos\" >\u00bfSe pueden extraditar a los ciudadanos turcos?<\/a><\/li><li class='ez-toc-page-1 ez-toc-heading-level-3'><a class=\"ez-toc-link ez-toc-heading-16\" href=\"https:\/\/interpolavukati.com\/es\/abogado-de-ordenes-de-detencion-internacionales-en-turquia\/#%C2%BFEl_certificado_de_asilo_afecta_el_proceso_de_retorno\" >\u00bfEl certificado de asilo afecta el proceso de retorno?<\/a><\/li><li class='ez-toc-page-1 ez-toc-heading-level-3'><a class=\"ez-toc-link ez-toc-heading-17\" href=\"https:\/\/interpolavukati.com\/es\/abogado-de-ordenes-de-detencion-internacionales-en-turquia\/#Si_se_elimina_el_registro_de_arresto_del_CCF_%C2%BFla_persona_sera_liberada_inmediatamente\" >Si se elimina el registro de arresto del CCF, \u00bfla persona ser\u00e1 liberada inmediatamente?<\/a><\/li><li class='ez-toc-page-1 ez-toc-heading-level-3'><a class=\"ez-toc-link ez-toc-heading-18\" href=\"https:\/\/interpolavukati.com\/es\/abogado-de-ordenes-de-detencion-internacionales-en-turquia\/#%C2%BFExiste_sentencia_absolutoria_en_el_caso_de_extradicion\" >\u00bfExiste sentencia absolutoria en el caso de extradici\u00f3n?<\/a><\/li><\/ul><\/li><\/ul><\/nav><\/div>\n<h2><span class=\"ez-toc-section\" id=\"%C2%BFQue_significa_una_orden_de_arresto_internacional\"><\/span>\u00bfQu\u00e9 significa una orden de arresto internacional?<span class=\"ez-toc-section-end\"><\/span><\/h2>\n<p>Una orden de detenci\u00f3n nacional emitida en un pa\u00eds extranjero puede tener consecuencias directas dentro de las fronteras de ese pa\u00eds. Se pueden utilizar los canales de Interpol o mecanismos de cooperaci\u00f3n judicial para anunciar la decisi\u00f3n a otros pa\u00edses. Sin embargo, una decisi\u00f3n extranjera no se aplica autom\u00e1ticamente en Turqu\u00eda como una decisi\u00f3n judicial turca.<\/p>\n<p>Finalidad seg\u00fan el tipo de registro sobre la persona; Puede ser detecci\u00f3n de ubicaci\u00f3n, recopilaci\u00f3n de informaci\u00f3n, captura temporal o extradici\u00f3n. Opciones generales contra la decisi\u00f3n. <a href=\"https:\/\/interpolavukati.com\/es\/solicitudes-contra-ordenes-de-detencion-internacionales\/\">Solicitudes contra \u00f3rdenes de detenci\u00f3n internacionales<\/a> Est\u00e1 explicado en el contenido.<\/p>\n<h2><span class=\"ez-toc-section\" id=\"La_diferencia_entre_una_notificacion_roja_y_una_orden_de_arresto\"><\/span>La diferencia entre una notificaci\u00f3n roja y una orden de arresto<span class=\"ez-toc-section-end\"><\/span><\/h2>\n<p>Una notificaci\u00f3n roja es una notificaci\u00f3n internacional para localizar a una persona y arrestarla temporalmente con fines de extradici\u00f3n, con base en una decisi\u00f3n judicial v\u00e1lida en el pa\u00eds solicitante. No es una decisi\u00f3n judicial tomada por Interpol. La difusi\u00f3n, por otro lado, puede ser una solicitud de cooperaci\u00f3n enviada directamente por el pa\u00eds miembro a determinados pa\u00edses.<\/p>\n<p>La notificaci\u00f3n va en contra de las normas de Interpol en materia de motivaci\u00f3n pol\u00edtica, derechos humanos, precisi\u00f3n o finalidad de los datos. <a href=\"https:\/\/interpolavukati.com\/es\/abogado-especializado-en-la-eliminacion-de-notificaciones-rojas-de-interpol\/\">eliminaci\u00f3n de aviso rojo<\/a> y se pueden evaluar las v\u00edas de CCF. Sin embargo, es posible que tambi\u00e9n sea necesario levantar la decisi\u00f3n nacional en el pa\u00eds de origen.<\/p>\n<h2><span class=\"ez-toc-section\" id=\"Proceso_de_captura_y_detencion_en_Turquia\"><\/span>Proceso de captura y detenci\u00f3n en Turqu\u00eda<span class=\"ez-toc-section-end\"><\/span><\/h2>\n<p>Una persona puede comparar el registro en el aeropuerto, en la puerta fronteriza o en el control de identidad. Las autoridades deben verificar la identidad y el motivo de la b\u00fasqueda; Se debe informar a la persona del motivo de la acci\u00f3n y se le debe permitir ejercer sus derechos de defensa. La coincidencia incorrecta de nombres, el n\u00famero de pasaporte o la discrepancia en la fecha de nacimiento deben documentarse de inmediato.<\/p>\n<p>Etapas pr\u00e1cticas del proceso. <a href=\"https:\/\/interpolavukati.com\/es\/proceso-de-detencion-en-turquia-debido-a-busqueda-de-interpol\/\">Detenci\u00f3n por b\u00fasqueda de Interpol<\/a> ubicado en la p\u00e1gina. El abogado comprueba primero el fundamento del expediente, el n\u00famero de fiscal\u00eda o tribunal del expediente, la necesidad de un traductor y el estado de salud de la persona.<\/p>\n<h2><span class=\"ez-toc-section\" id=\"%C2%BFEn_que_circunstancias_se_considera_la_prision_provisional\"><\/span>\u00bfEn qu\u00e9 circunstancias se considera la prisi\u00f3n provisional?<span class=\"ez-toc-section-end\"><\/span><\/h2>\n<p>El estado solicitante puede solicitar un arresto temporal por motivos de emergencia antes de completar los tr\u00e1mites de extradici\u00f3n. Se examinan conjuntamente el art\u00edculo 14 de la Ley N\u00b0 6706 y las disposiciones contractuales internacionales aplicables. Se eval\u00faan fuertes sospechas, si la solicitud se relaciona con un delito extraditable y la proporcionalidad de la medida.<\/p>\n<p>El arresto no es obligatorio. Podr\u00e1n alegarse en defensa la residencia fija, los v\u00ednculos familiares y laborales, el estado de salud, el riesgo de fuga y la adecuaci\u00f3n del control judicial. La continuaci\u00f3n de la detenci\u00f3n debe revisarse con la periodicidad prescrita por la ley; Se debe controlar si la solicitud oficial de reembolso se recibe a tiempo.<\/p>\n<h2><span class=\"ez-toc-section\" id=\"%C2%BFQue_sucede_si_se_realiza_una_solicitud_de_devolucion\"><\/span>\u00bfQu\u00e9 sucede si se realiza una solicitud de devoluci\u00f3n?<span class=\"ez-toc-section-end\"><\/span><\/h2>\n<p>El Ministerio de Justicia, como autoridad central, examina la solicitud dentro del marco legal y contractual. Cuando el expediente es remitido al tribunal superior penal competente, \u00e9ste decide sobre la procedencia de la extradici\u00f3n. El tribunal no lleva a cabo el juicio principal del cargo en el pa\u00eds extranjero; Eval\u00faa condiciones y obst\u00e1culos de retorno.<\/p>\n<p>Detalles del juicio <a href=\"https:\/\/interpolavukati.com\/es\/como-llevar-a-cabo-casos-de-extradicion-en-turquia\/\">Caso de extradici\u00f3n en Turqu\u00eda<\/a> en la gu\u00eda; Si los motivos de la defensa son <a href=\"https:\/\/interpolavukati.com\/es\/como-oponerse-a-una-solicitud-de-extradicion-en-turquia\/\">Objeci\u00f3n a la solicitud de reembolso<\/a> Est\u00e1 explicado en la p\u00e1gina.<\/p>\n<h2><span class=\"ez-toc-section\" id=\"%C2%BFQue_temas_de_defensa_se_examinan\"><\/span>\u00bfQu\u00e9 temas de defensa se examinan?<span class=\"ez-toc-section-end\"><\/span><\/h2>\n<ul>\n<li>Si la persona y la informaci\u00f3n de registro coinciden correctamente,<\/li>\n<li>Si existe una orden de arresto v\u00e1lida en el pa\u00eds de origen,<\/li>\n<li>Si el acto constituye un delito en Turqu\u00eda o no,<\/li>\n<li>Problema de prescripci\u00f3n, sentencia firme o nuevo juicio por el mismo hecho,<\/li>\n<li>Ser un delito pol\u00edtico o puramente militar,<\/li>\n<li>Existe un riesgo claro de tortura, malos tratos, discriminaci\u00f3n o un juicio justo.<\/li>\n<li>Ciudadan\u00eda turca o estatus de protecci\u00f3n internacional,<\/li>\n<li>Si el control judicial es suficiente en lugar del arresto.<\/li>\n<\/ul>\n<p>Se requiere documentaci\u00f3n concreta para cada t\u00edtulo. Los informes generales de los pa\u00edses por s\u00ed solos pueden no ser suficientes cuando no est\u00e1n vinculados al riesgo individual de una persona.<\/p>\n<h2><span class=\"ez-toc-section\" id=\"%C2%BFPueden_ir_juntas_la_aplicacion_y_la_defensa_del_CCF_en_Turquia\"><\/span>\u00bfPueden ir juntas la aplicaci\u00f3n y la defensa del CCF en Turqu\u00eda?<span class=\"ez-toc-section-end\"><\/span><\/h2>\n<p>S\u00ed. Si los datos de Interpol violan las reglas, se puede presentar a la CCF una solicitud de acceso, correcci\u00f3n o eliminaci\u00f3n. Sin embargo, la aplicaci\u00f3n del CCF no detiene autom\u00e1ticamente las acciones de las autoridades turcas. Las objeciones nacionales deben presentarse por separado en el expediente de detenci\u00f3n, arresto y extradici\u00f3n.<\/p>\n<p>Para documentos y motivos de la solicitud. <a href=\"https:\/\/interpolavukati.com\/es\/como-solicitar-ccf-en-archivos-de-interpol\/\">Solicitud CCF de Interpol<\/a> gu\u00eda disponible. La narraci\u00f3n del incidente dada a la CCF y a la defensa ante el alto tribunal penal debe ser consistente en t\u00e9rminos de fecha y hechos.<\/p>\n<h2><span class=\"ez-toc-section\" id=\"Plan_de_accion_de_emergencia_del_abogado\"><\/span>Plan de acci\u00f3n de emergencia del abogado<span class=\"ez-toc-section-end\"><\/span><\/h2>\n<ol>\n<li>Para conocer el lugar donde se encuentra detenida la persona y el n\u00famero de decisi\u00f3n,<\/li>\n<li>Verificar la coincidencia de identidad y el tipo de registro extranjero.<\/li>\n<li>Comprobaci\u00f3n de derechos de int\u00e9rprete, salud y consulares.<\/li>\n<li>Para preparar una solicitud de libertad o control judicial contra el arresto temporal,<\/li>\n<li>Recopilaci\u00f3n de documentos que acrediten los obst\u00e1culos al retorno,<\/li>\n<li>Coordinar las solicitudes del CCF y del pa\u00eds de origen, si es necesario.<\/li>\n<\/ol>\n<h2><span class=\"ez-toc-section\" id=\"Evaluacion_de_expediente_con_la_abogada_Esra_Aslan\"><\/span>Evaluaci\u00f3n de expediente con la abogada Esra Aslan<span class=\"ez-toc-section-end\"><\/span><\/h2>\n<p>Mientras en unas pocas horas se prepara la defensa de la detenci\u00f3n en el expediente de detenci\u00f3n internacional, es posible que tambi\u00e9n sea necesario examinar decisiones extranjeras. Con la abogada Esra Aslan <a href=\"https:\/\/interpolavukati.com\/es\/ponte-en-contacto-con\/\">contactando<\/a> Se puede crear una hoja de ruta legal basada en el registro actual, las medidas de protecci\u00f3n y el riesgo de retorno. El resultado concreto depende de la evaluaci\u00f3n de las autoridades competentes.<\/p>\n<h2><span class=\"ez-toc-section\" id=\"Preguntas_frecuentes\"><\/span>Preguntas frecuentes<span class=\"ez-toc-section-end\"><\/span><\/h2>\n<h3><span class=\"ez-toc-section\" id=\"%C2%BFSe_aplica_automaticamente_una_orden_de_detencion_extranjera_en_Turquia\"><\/span>\u00bfSe aplica autom\u00e1ticamente una orden de detenci\u00f3n extranjera en Turqu\u00eda?<span class=\"ez-toc-section-end\"><\/span><\/h3>\n<p>No. Las transacciones en Turqu\u00eda las llevan a cabo las autoridades competentes dentro del marco de la ley nacional y las regulaciones internacionales aplicables.<\/p>\n<h3><span class=\"ez-toc-section\" id=\"%C2%BFEs_una_notificacion_roja_una_orden_de_arresto_por_si_sola\"><\/span>\u00bfEs una notificaci\u00f3n roja una orden de arresto por s\u00ed sola?<span class=\"ez-toc-section-end\"><\/span><\/h3>\n<p>No. Una notificaci\u00f3n de Interpol no es una orden judicial; Tambi\u00e9n se examina el fundamento jur\u00eddico nacional de la medida.<\/p>\n<h3><span class=\"ez-toc-section\" id=\"Que_hacer_si_atrapan_a_la_persona_equivocada\"><\/span>Qu\u00e9 hacer si atrapan a la persona equivocada<span class=\"ez-toc-section-end\"><\/span><\/h3>\n<p>La coincidencia de identidad debe impugnarse inmediatamente proporcionando pasaporte, fecha de nacimiento, ciudadan\u00eda, fotograf\u00eda y otra informaci\u00f3n distintiva.<\/p>\n<h3><span class=\"ez-toc-section\" id=\"%C2%BFCuanto_dura_la_prision_provisional\"><\/span>\u00bfCu\u00e1nto dura la prisi\u00f3n provisional?<span class=\"ez-toc-section-end\"><\/span><\/h3>\n<p>La duraci\u00f3n se determina de acuerdo con la ley y el contrato aplicables. Se deber\u00e1 seguir la fecha de llegada de la solicitud oficial de reembolso y revisiones peri\u00f3dicas.<\/p>\n<h3><span class=\"ez-toc-section\" id=\"%C2%BFSe_pueden_extraditar_a_los_ciudadanos_turcos\"><\/span>\u00bfSe pueden extraditar a los ciudadanos turcos?<span class=\"ez-toc-section-end\"><\/span><\/h3>\n<p>Sin perjuicio de las obligaciones de la Corte Penal Internacional, no se acepta la extradici\u00f3n de un ciudadano turco a un Estado extranjero.<\/p>\n<h3><span class=\"ez-toc-section\" id=\"%C2%BFEl_certificado_de_asilo_afecta_el_proceso_de_retorno\"><\/span>\u00bfEl certificado de asilo afecta el proceso de retorno?<span class=\"ez-toc-section-end\"><\/span><\/h3>\n<p>El estatuto de protecci\u00f3n y el principio de no devoluci\u00f3n son importantes; El impacto se eval\u00faa junto con los documentos de acusaci\u00f3n y riesgo personal.<\/p>\n<h3><span class=\"ez-toc-section\" id=\"Si_se_elimina_el_registro_de_arresto_del_CCF_%C2%BFla_persona_sera_liberada_inmediatamente\"><\/span>Si se elimina el registro de arresto del CCF, \u00bfla persona ser\u00e1 liberada inmediatamente?<span class=\"ez-toc-section-end\"><\/span><\/h3>\n<p>La decisi\u00f3n del CCF puede no levantar autom\u00e1ticamente la medida nacional. La decisi\u00f3n debe presentarse ante la fiscal\u00eda o el tribunal correspondiente y solicitarse una reevaluaci\u00f3n de la medida.<\/p>\n<h3><span class=\"ez-toc-section\" id=\"%C2%BFExiste_sentencia_absolutoria_en_el_caso_de_extradicion\"><\/span>\u00bfExiste sentencia absolutoria en el caso de extradici\u00f3n?<span class=\"ez-toc-section-end\"><\/span><\/h3>\n<p>El tribunal no absuelve al extranjero sobre el fondo de la acusaci\u00f3n; Examina si la extradici\u00f3n es legalmente aceptable.<\/p>\n<blockquote>\n<p>Este contenido es informaci\u00f3n legal general. En los procedimientos internacionales de detenci\u00f3n, detenci\u00f3n provisional y extradici\u00f3n, el plazo y el m\u00e9todo de aplicaci\u00f3n se determinan de acuerdo con el expediente concreto y las normas entre los Estados pertinentes.<\/p>\n<\/blockquote>\n<\/article>\n","protected":false},"excerpt":{"rendered":"<p>Abogado con orden de detenci\u00f3n internacional en Turqu\u00edaexamina qu\u00e9 consecuencias jur\u00eddicas tiene en Turqu\u00eda una orden de detenci\u00f3n emitida por un Estado extranjero y qu\u00e9 acciones se pueden tomar contra la persona. La \u201corden de detenci\u00f3n internacional\u201d no es un documento uniforme. Debe distinguirse notificaci\u00f3n roja, difusi\u00f3n, decisi\u00f3n de tribunal extranjero, solicitud de detenci\u00f3n provisional [&hellip;]<\/p>\n","protected":false},"author":1,"featured_media":0,"comment_status":"open","ping_status":"open","sticky":false,"template":"","format":"standard","meta":{"footnotes":""},"categories":[1],"tags":[],"class_list":["post-11605","post","type-post","status-publish","format-standard","hentry","category-blog","kng-no-post-thumbnail"],"yoast_head":"<!-- This site is optimized with the Yoast SEO plugin v25.1 - https:\/\/yoast.com\/wordpress\/plugins\/seo\/ -->\n<title>Abogado de \u00f3rdenes de detenci\u00f3n internacionales en Turqu\u00eda - \u0130nterpol Avukat\u0131 Abogado de \u00f3rdenes de detenci\u00f3n internacionales en Turqu\u00eda<\/title>\n<meta name=\"description\" content=\"Abogado con orden de detenci\u00f3n internacional en Turqu\u00eda; Explica orden de detenci\u00f3n extranjera, registro en Interpol, detenci\u00f3n, prisi\u00f3n provisional, extradici\u00f3n y objeci\u00f3n.\" \/>\n<meta name=\"robots\" content=\"index, follow, max-snippet:-1, max-image-preview:large, max-video-preview:-1\" \/>\n<link rel=\"canonical\" href=\"https:\/\/interpolavukati.com\/turkiyede-uluslararasi-yakalama-karari-avukati\/\" \/>\n<meta property=\"og:locale\" content=\"es_ES\" \/>\n<meta property=\"og:type\" content=\"article\" \/>\n<meta property=\"og:title\" content=\"Abogado de \u00f3rdenes de detenci\u00f3n internacionales en Turqu\u00eda - \u0130nterpol Avukat\u0131 Abogado de \u00f3rdenes de detenci\u00f3n internacionales en Turqu\u00eda\" \/>\n<meta property=\"og:description\" content=\"Abogado con orden de detenci\u00f3n internacional en Turqu\u00eda; Explica orden de detenci\u00f3n extranjera, registro en Interpol, detenci\u00f3n, prisi\u00f3n provisional, extradici\u00f3n y objeci\u00f3n.\" \/>\n<meta property=\"og:url\" content=\"https:\/\/interpolavukati.com\/turkiyede-uluslararasi-yakalama-karari-avukati\/\" \/>\n<meta property=\"og:site_name\" content=\"\u0130nterpol Avukat\u0131\" \/>\n<meta property=\"article:published_time\" content=\"2026-08-07T08:20:01+00:00\" \/>\n<meta name=\"author\" content=\"admin\" \/>\n<meta name=\"twitter:card\" content=\"summary_large_image\" \/>\n<meta name=\"twitter:label1\" content=\"Escrito por\" \/>\n\t<meta name=\"twitter:data1\" content=\"admin\" \/>\n\t<meta name=\"twitter:label2\" content=\"Tiempo de lectura\" \/>\n\t<meta name=\"twitter:data2\" content=\"7 minutos\" \/>\n<script type=\"application\/ld+json\" class=\"yoast-schema-graph\">{\"@context\":\"https:\/\/schema.org\",\"@graph\":[{\"@type\":\"Article\",\"@id\":\"https:\/\/interpolavukati.com\/turkiyede-uluslararasi-yakalama-karari-avukati\/#article\",\"isPartOf\":{\"@id\":\"https:\/\/interpolavukati.com\/turkiyede-uluslararasi-yakalama-karari-avukati\/\"},\"author\":{\"name\":\"admin\",\"@id\":\"https:\/\/interpolavukati.com\/#\/schema\/person\/b1546d41479026778a71df6b32bed778\"},\"headline\":\"Abogado de \u00f3rdenes de detenci\u00f3n internacionales en Turqu\u00eda\",\"datePublished\":\"2026-08-07T08:20:01+00:00\",\"mainEntityOfPage\":{\"@id\":\"https:\/\/interpolavukati.com\/turkiyede-uluslararasi-yakalama-karari-avukati\/\"},\"wordCount\":1505,\"commentCount\":0,\"publisher\":{\"@id\":\"https:\/\/interpolavukati.com\/#organization\"},\"articleSection\":[\"Blog\"],\"inLanguage\":\"es\",\"potentialAction\":[{\"@type\":\"CommentAction\",\"name\":\"Comment\",\"target\":[\"https:\/\/interpolavukati.com\/turkiyede-uluslararasi-yakalama-karari-avukati\/#respond\"]}]},{\"@type\":\"WebPage\",\"@id\":\"https:\/\/interpolavukati.com\/turkiyede-uluslararasi-yakalama-karari-avukati\/\",\"url\":\"https:\/\/interpolavukati.com\/turkiyede-uluslararasi-yakalama-karari-avukati\/\",\"name\":\"Abogado de \u00f3rdenes de detenci\u00f3n internacionales en Turqu\u00eda - \u0130nterpol Avukat\u0131 Abogado de \u00f3rdenes de detenci\u00f3n internacionales en Turqu\u00eda\",\"isPartOf\":{\"@id\":\"https:\/\/interpolavukati.com\/#website\"},\"datePublished\":\"2026-08-07T08:20:01+00:00\",\"description\":\"Abogado con orden de detenci\u00f3n internacional en Turqu\u00eda; Explica orden de detenci\u00f3n extranjera, registro en Interpol, detenci\u00f3n, prisi\u00f3n provisional, extradici\u00f3n y objeci\u00f3n.\",\"breadcrumb\":{\"@id\":\"https:\/\/interpolavukati.com\/turkiyede-uluslararasi-yakalama-karari-avukati\/#breadcrumb\"},\"inLanguage\":\"es\",\"potentialAction\":[{\"@type\":\"ReadAction\",\"target\":[\"https:\/\/interpolavukati.com\/turkiyede-uluslararasi-yakalama-karari-avukati\/\"]}]},{\"@type\":\"BreadcrumbList\",\"@id\":\"https:\/\/interpolavukati.com\/turkiyede-uluslararasi-yakalama-karari-avukati\/#breadcrumb\",\"itemListElement\":[{\"@type\":\"ListItem\",\"position\":1,\"name\":\"Anasayfa\",\"item\":\"https:\/\/interpolavukati.com\/es\/\"},{\"@type\":\"ListItem\",\"position\":2,\"name\":\"Abogado de \u00f3rdenes de detenci\u00f3n internacionales en Turqu\u00eda\"}]},{\"@type\":\"WebSite\",\"@id\":\"https:\/\/interpolavukati.com\/#website\",\"url\":\"https:\/\/interpolavukati.com\/\",\"name\":\"\u0130nterpol Avukat\u0131\",\"description\":\"\",\"publisher\":{\"@id\":\"https:\/\/interpolavukati.com\/#organization\"},\"potentialAction\":[{\"@type\":\"SearchAction\",\"target\":{\"@type\":\"EntryPoint\",\"urlTemplate\":\"https:\/\/interpolavukati.com\/?s={search_term_string}\"},\"query-input\":{\"@type\":\"PropertyValueSpecification\",\"valueRequired\":true,\"valueName\":\"search_term_string\"}}],\"inLanguage\":\"es\"},{\"@type\":\"Organization\",\"@id\":\"https:\/\/interpolavukati.com\/#organization\",\"name\":\"\u0130nterpol Avukat\u0131\",\"url\":\"https:\/\/interpolavukati.com\/\",\"logo\":{\"@type\":\"ImageObject\",\"inLanguage\":\"es\",\"@id\":\"https:\/\/interpolavukati.com\/#\/schema\/logo\/image\/\",\"url\":\"https:\/\/interpolavukati.com\/wp-content\/uploads\/2021\/11\/interpol-avukati-logo-renkli-scaled.png\",\"contentUrl\":\"https:\/\/interpolavukati.com\/wp-content\/uploads\/2021\/11\/interpol-avukati-logo-renkli-scaled.png\",\"width\":1600,\"height\":533,\"caption\":\"\u0130nterpol Avukat\u0131\"},\"image\":{\"@id\":\"https:\/\/interpolavukati.com\/#\/schema\/logo\/image\/\"}},{\"@type\":\"Person\",\"@id\":\"https:\/\/interpolavukati.com\/#\/schema\/person\/b1546d41479026778a71df6b32bed778\",\"name\":\"admin\",\"image\":{\"@type\":\"ImageObject\",\"inLanguage\":\"es\",\"@id\":\"https:\/\/interpolavukati.com\/#\/schema\/person\/image\/\",\"url\":\"https:\/\/secure.gravatar.com\/avatar\/3a4192ab7a896ee82872910a2e59d54e67bb5ac0a947bc7918a43b6b88be9bd1?s=96&d=mm&r=g\",\"contentUrl\":\"https:\/\/secure.gravatar.com\/avatar\/3a4192ab7a896ee82872910a2e59d54e67bb5ac0a947bc7918a43b6b88be9bd1?s=96&d=mm&r=g\",\"caption\":\"admin\"},\"sameAs\":[\"https:\/\/interpolavukati.com\"]}]}<\/script>\n<!-- \/ Yoast SEO plugin. -->","yoast_head_json":{"title":"Abogado de \u00f3rdenes de detenci\u00f3n internacionales en Turqu\u00eda - \u0130nterpol Avukat\u0131 Abogado de \u00f3rdenes de detenci\u00f3n internacionales en Turqu\u00eda","description":"Abogado con orden de detenci\u00f3n internacional en Turqu\u00eda; Explica orden de detenci\u00f3n extranjera, registro en Interpol, detenci\u00f3n, prisi\u00f3n provisional, extradici\u00f3n y objeci\u00f3n.","robots":{"index":"index","follow":"follow","max-snippet":"max-snippet:-1","max-image-preview":"max-image-preview:large","max-video-preview":"max-video-preview:-1"},"canonical":"https:\/\/interpolavukati.com\/turkiyede-uluslararasi-yakalama-karari-avukati\/","og_locale":"es_ES","og_type":"article","og_title":"Abogado de \u00f3rdenes de detenci\u00f3n internacionales en Turqu\u00eda - \u0130nterpol Avukat\u0131 Abogado de \u00f3rdenes de detenci\u00f3n internacionales en Turqu\u00eda","og_description":"Abogado con orden de detenci\u00f3n internacional en Turqu\u00eda; Explica orden de detenci\u00f3n extranjera, registro en Interpol, detenci\u00f3n, prisi\u00f3n provisional, extradici\u00f3n y objeci\u00f3n.","og_url":"https:\/\/interpolavukati.com\/turkiyede-uluslararasi-yakalama-karari-avukati\/","og_site_name":"\u0130nterpol Avukat\u0131","article_published_time":"2026-08-07T08:20:01+00:00","author":"admin","twitter_card":"summary_large_image","twitter_misc":{"Escrito por":"admin","Tiempo de lectura":"7 minutos"},"schema":{"@context":"https:\/\/schema.org","@graph":[{"@type":"Article","@id":"https:\/\/interpolavukati.com\/turkiyede-uluslararasi-yakalama-karari-avukati\/#article","isPartOf":{"@id":"https:\/\/interpolavukati.com\/turkiyede-uluslararasi-yakalama-karari-avukati\/"},"author":{"name":"admin","@id":"https:\/\/interpolavukati.com\/#\/schema\/person\/b1546d41479026778a71df6b32bed778"},"headline":"Abogado de \u00f3rdenes de detenci\u00f3n internacionales en Turqu\u00eda","datePublished":"2026-08-07T08:20:01+00:00","mainEntityOfPage":{"@id":"https:\/\/interpolavukati.com\/turkiyede-uluslararasi-yakalama-karari-avukati\/"},"wordCount":1505,"commentCount":0,"publisher":{"@id":"https:\/\/interpolavukati.com\/#organization"},"articleSection":["Blog"],"inLanguage":"es","potentialAction":[{"@type":"CommentAction","name":"Comment","target":["https:\/\/interpolavukati.com\/turkiyede-uluslararasi-yakalama-karari-avukati\/#respond"]}]},{"@type":"WebPage","@id":"https:\/\/interpolavukati.com\/turkiyede-uluslararasi-yakalama-karari-avukati\/","url":"https:\/\/interpolavukati.com\/turkiyede-uluslararasi-yakalama-karari-avukati\/","name":"Abogado de \u00f3rdenes de detenci\u00f3n internacionales en Turqu\u00eda - \u0130nterpol Avukat\u0131 Abogado de \u00f3rdenes de detenci\u00f3n internacionales en Turqu\u00eda","isPartOf":{"@id":"https:\/\/interpolavukati.com\/#website"},"datePublished":"2026-08-07T08:20:01+00:00","description":"Abogado con orden de detenci\u00f3n internacional en Turqu\u00eda; Explica orden de detenci\u00f3n extranjera, registro en Interpol, detenci\u00f3n, prisi\u00f3n provisional, extradici\u00f3n y objeci\u00f3n.","breadcrumb":{"@id":"https:\/\/interpolavukati.com\/turkiyede-uluslararasi-yakalama-karari-avukati\/#breadcrumb"},"inLanguage":"es","potentialAction":[{"@type":"ReadAction","target":["https:\/\/interpolavukati.com\/turkiyede-uluslararasi-yakalama-karari-avukati\/"]}]},{"@type":"BreadcrumbList","@id":"https:\/\/interpolavukati.com\/turkiyede-uluslararasi-yakalama-karari-avukati\/#breadcrumb","itemListElement":[{"@type":"ListItem","position":1,"name":"Anasayfa","item":"https:\/\/interpolavukati.com\/es\/"},{"@type":"ListItem","position":2,"name":"Abogado de \u00f3rdenes de detenci\u00f3n internacionales en Turqu\u00eda"}]},{"@type":"WebSite","@id":"https:\/\/interpolavukati.com\/#website","url":"https:\/\/interpolavukati.com\/","name":"\u0130nterpol Avukat\u0131","description":"","publisher":{"@id":"https:\/\/interpolavukati.com\/#organization"},"potentialAction":[{"@type":"SearchAction","target":{"@type":"EntryPoint","urlTemplate":"https:\/\/interpolavukati.com\/?s={search_term_string}"},"query-input":{"@type":"PropertyValueSpecification","valueRequired":true,"valueName":"search_term_string"}}],"inLanguage":"es"},{"@type":"Organization","@id":"https:\/\/interpolavukati.com\/#organization","name":"\u0130nterpol Avukat\u0131","url":"https:\/\/interpolavukati.com\/","logo":{"@type":"ImageObject","inLanguage":"es","@id":"https:\/\/interpolavukati.com\/#\/schema\/logo\/image\/","url":"https:\/\/interpolavukati.com\/wp-content\/uploads\/2021\/11\/interpol-avukati-logo-renkli-scaled.png","contentUrl":"https:\/\/interpolavukati.com\/wp-content\/uploads\/2021\/11\/interpol-avukati-logo-renkli-scaled.png","width":1600,"height":533,"caption":"\u0130nterpol Avukat\u0131"},"image":{"@id":"https:\/\/interpolavukati.com\/#\/schema\/logo\/image\/"}},{"@type":"Person","@id":"https:\/\/interpolavukati.com\/#\/schema\/person\/b1546d41479026778a71df6b32bed778","name":"admin","image":{"@type":"ImageObject","inLanguage":"es","@id":"https:\/\/interpolavukati.com\/#\/schema\/person\/image\/","url":"https:\/\/secure.gravatar.com\/avatar\/3a4192ab7a896ee82872910a2e59d54e67bb5ac0a947bc7918a43b6b88be9bd1?s=96&d=mm&r=g","contentUrl":"https:\/\/secure.gravatar.com\/avatar\/3a4192ab7a896ee82872910a2e59d54e67bb5ac0a947bc7918a43b6b88be9bd1?s=96&d=mm&r=g","caption":"admin"},"sameAs":["https:\/\/interpolavukati.com"]}]}},"_links":{"self":[{"href":"https:\/\/interpolavukati.com\/es\/wp-json\/wp\/v2\/posts\/11605","targetHints":{"allow":["GET"]}}],"collection":[{"href":"https:\/\/interpolavukati.com\/es\/wp-json\/wp\/v2\/posts"}],"about":[{"href":"https:\/\/interpolavukati.com\/es\/wp-json\/wp\/v2\/types\/post"}],"author":[{"embeddable":true,"href":"https:\/\/interpolavukati.com\/es\/wp-json\/wp\/v2\/users\/1"}],"replies":[{"embeddable":true,"href":"https:\/\/interpolavukati.com\/es\/wp-json\/wp\/v2\/comments?post=11605"}],"version-history":[{"count":0,"href":"https:\/\/interpolavukati.com\/es\/wp-json\/wp\/v2\/posts\/11605\/revisions"}],"wp:attachment":[{"href":"https:\/\/interpolavukati.com\/es\/wp-json\/wp\/v2\/media?parent=11605"}],"wp:term":[{"taxonomy":"category","embeddable":true,"href":"https:\/\/interpolavukati.com\/es\/wp-json\/wp\/v2\/categories?post=11605"},{"taxonomy":"post_tag","embeddable":true,"href":"https:\/\/interpolavukati.com\/es\/wp-json\/wp\/v2\/tags?post=11605"}],"curies":[{"name":"wp","href":"https:\/\/api.w.org\/{rel}","templated":true}]}}