{"id":11690,"date":"2026-08-07T11:54:05","date_gmt":"2026-08-07T11:54:05","guid":{"rendered":"https:\/\/interpolavukati.com\/como-oponerse-a-una-solicitud-de-extradicion-en-turquia\/"},"modified":"2026-08-07T11:54:05","modified_gmt":"2026-08-07T11:54:05","slug":"como-oponerse-a-una-solicitud-de-extradicion-en-turquia","status":"publish","type":"post","link":"https:\/\/interpolavukati.com\/es\/como-oponerse-a-una-solicitud-de-extradicion-en-turquia\/","title":{"rendered":"C\u00f3mo oponerse a una solicitud de extradici\u00f3n en Turqu\u00eda"},"content":{"rendered":"<article>\n<p>La objeci\u00f3n a la solicitud de extradici\u00f3n en Turqu\u00eda no consiste en una \u00fanica petici\u00f3n relativa a la entrega de la persona. La objeci\u00f3n a las medidas de detenci\u00f3n y arresto temporal, la defensa contra la procedencia de la extradici\u00f3n ante el tribunal superior penal y los recursos judiciales posteriores a la decisi\u00f3n se realizan por separado seg\u00fan la etapa del expediente.<\/p>\n<div id=\"ez-toc-container\" class=\"ez-toc-v2_0_76 counter-hierarchy ez-toc-counter ez-toc-grey ez-toc-container-direction\">\n<div class=\"ez-toc-title-container\">\n<p class=\"ez-toc-title\" style=\"cursor:inherit\">\u0130\u00e7indekiler<\/p>\n<span class=\"ez-toc-title-toggle\"><a href=\"#\" class=\"ez-toc-pull-right ez-toc-btn ez-toc-btn-xs ez-toc-btn-default ez-toc-toggle\" aria-label=\"Alternar tabla de contenidos\"><span class=\"ez-toc-js-icon-con\"><span class=\"\"><span class=\"eztoc-hide\" style=\"display:none;\">Toggle<\/span><span class=\"ez-toc-icon-toggle-span\"><svg style=\"fill: #999;color:#999\" xmlns=\"http:\/\/www.w3.org\/2000\/svg\" class=\"list-377408\" width=\"20px\" height=\"20px\" viewBox=\"0 0 24 24\" fill=\"none\"><path d=\"M6 6H4v2h2V6zm14 0H8v2h12V6zM4 11h2v2H4v-2zm16 0H8v2h12v-2zM4 16h2v2H4v-2zm16 0H8v2h12v-2z\" fill=\"currentColor\"><\/path><\/svg><svg style=\"fill: #999;color:#999\" class=\"arrow-unsorted-368013\" xmlns=\"http:\/\/www.w3.org\/2000\/svg\" width=\"10px\" height=\"10px\" viewBox=\"0 0 24 24\" version=\"1.2\" baseProfile=\"tiny\"><path d=\"M18.2 9.3l-6.2-6.3-6.2 6.3c-.2.2-.3.4-.3.7s.1.5.3.7c.2.2.4.3.7.3h11c.3 0 .5-.1.7-.3.2-.2.3-.5.3-.7s-.1-.5-.3-.7zM5.8 14.7l6.2 6.3 6.2-6.3c.2-.2.3-.5.3-.7s-.1-.5-.3-.7c-.2-.2-.4-.3-.7-.3h-11c-.3 0-.5.1-.7.3-.2.2-.3.5-.3.7s.1.5.3.7z\"\/><\/svg><\/span><\/span><\/span><\/a><\/span><\/div>\n<nav><ul class='ez-toc-list ez-toc-list-level-1 ' ><li class='ez-toc-page-1 ez-toc-heading-level-2'><a class=\"ez-toc-link ez-toc-heading-1\" href=\"https:\/\/interpolavukati.com\/es\/como-oponerse-a-una-solicitud-de-extradicion-en-turquia\/#Ver_el_expediente_antes_de_la_objecion\" >Ver el expediente antes de la objeci\u00f3n<\/a><\/li><li class='ez-toc-page-1 ez-toc-heading-level-2'><a class=\"ez-toc-link ez-toc-heading-2\" href=\"https:\/\/interpolavukati.com\/es\/como-oponerse-a-una-solicitud-de-extradicion-en-turquia\/#Objecion_a_la_detencion_temporal\" >Objeci\u00f3n a la detenci\u00f3n temporal<\/a><\/li><li class='ez-toc-page-1 ez-toc-heading-level-2'><a class=\"ez-toc-link ez-toc-heading-3\" href=\"https:\/\/interpolavukati.com\/es\/como-oponerse-a-una-solicitud-de-extradicion-en-turquia\/#Como_eliminar_las_barreras_al_reembolso\" >C\u00f3mo eliminar las barreras al reembolso<\/a><\/li><li class='ez-toc-page-1 ez-toc-heading-level-2'><a class=\"ez-toc-link ez-toc-heading-4\" href=\"https:\/\/interpolavukati.com\/es\/como-oponerse-a-una-solicitud-de-extradicion-en-turquia\/#Defensa_en_el_Tribunal_Superior_Penal\" >Defensa en el Tribunal Superior Penal<\/a><\/li><li class='ez-toc-page-1 ez-toc-heading-level-2'><a class=\"ez-toc-link ez-toc-heading-5\" href=\"https:\/\/interpolavukati.com\/es\/como-oponerse-a-una-solicitud-de-extradicion-en-turquia\/#Recurso_Legal_Contra_la_Decision\" >Recurso Legal Contra la Decisi\u00f3n<\/a><\/li><li class='ez-toc-page-1 ez-toc-heading-level-2'><a class=\"ez-toc-link ez-toc-heading-6\" href=\"https:\/\/interpolavukati.com\/es\/como-oponerse-a-una-solicitud-de-extradicion-en-turquia\/#Solicitud_separada_para_el_registro_en_Interpol\" >Solicitud separada para el registro en Interpol<\/a><\/li><li class='ez-toc-page-1 ez-toc-heading-level-2'><a class=\"ez-toc-link ez-toc-heading-7\" href=\"https:\/\/interpolavukati.com\/es\/como-oponerse-a-una-solicitud-de-extradicion-en-turquia\/#Ministerio_y_Fase_de_Entrega\" >Ministerio y Fase de Entrega<\/a><\/li><li class='ez-toc-page-1 ez-toc-heading-level-2'><a class=\"ez-toc-link ez-toc-heading-8\" href=\"https:\/\/interpolavukati.com\/es\/como-oponerse-a-una-solicitud-de-extradicion-en-turquia\/#Como_establecer_el_expediente_en_la_peticion_de_objecion\" >C\u00f3mo establecer el expediente en la petici\u00f3n de objeci\u00f3n<\/a><\/li><li class='ez-toc-page-1 ez-toc-heading-level-2'><a class=\"ez-toc-link ez-toc-heading-9\" href=\"https:\/\/interpolavukati.com\/es\/como-oponerse-a-una-solicitud-de-extradicion-en-turquia\/#Reclamaciones_que_pueden_plantearse_en_la_audiencia\" >Reclamaciones que pueden plantearse en la audiencia<\/a><\/li><li class='ez-toc-page-1 ez-toc-heading-level-2'><a class=\"ez-toc-link ez-toc-heading-10\" href=\"https:\/\/interpolavukati.com\/es\/como-oponerse-a-una-solicitud-de-extradicion-en-turquia\/#Puntos_a_considerar_al_solicitar_recursos_legales\" >Puntos a considerar al solicitar recursos legales<\/a><\/li><li class='ez-toc-page-1 ez-toc-heading-level-2'><a class=\"ez-toc-link ez-toc-heading-11\" href=\"https:\/\/interpolavukati.com\/es\/como-oponerse-a-una-solicitud-de-extradicion-en-turquia\/#Preguntas_frecuentes\" >Preguntas frecuentes<\/a><ul class='ez-toc-list-level-3' ><li class='ez-toc-heading-level-3'><a class=\"ez-toc-link ez-toc-heading-12\" href=\"https:\/\/interpolavukati.com\/es\/como-oponerse-a-una-solicitud-de-extradicion-en-turquia\/#%C2%BFEn_que_tribunal_se_puede_objetar_la_solicitud_de_extradicion\" >\u00bfEn qu\u00e9 tribunal se puede objetar la solicitud de extradici\u00f3n?<\/a><\/li><li class='ez-toc-page-1 ez-toc-heading-level-3'><a class=\"ez-toc-link ez-toc-heading-13\" href=\"https:\/\/interpolavukati.com\/es\/como-oponerse-a-una-solicitud-de-extradicion-en-turquia\/#%C2%BFSe_puede_presentar_una_objecion_por_separado_a_la_detencion_provisional\" >\u00bfSe puede presentar una objeci\u00f3n por separado a la detenci\u00f3n provisional?<\/a><\/li><li class='ez-toc-page-1 ez-toc-heading-level-3'><a class=\"ez-toc-link ez-toc-heading-14\" href=\"https:\/\/interpolavukati.com\/es\/como-oponerse-a-una-solicitud-de-extradicion-en-turquia\/#Como_probar_la_acusacion_de_delito_politico\" >C\u00f3mo probar la acusaci\u00f3n de delito pol\u00edtico<\/a><\/li><li class='ez-toc-page-1 ez-toc-heading-level-3'><a class=\"ez-toc-link ez-toc-heading-15\" href=\"https:\/\/interpolavukati.com\/es\/como-oponerse-a-una-solicitud-de-extradicion-en-turquia\/#%C2%BFQue_pasa_si_faltan_los_documentos_de_devolucion\" >\u00bfQu\u00e9 pasa si faltan los documentos de devoluci\u00f3n?<\/a><\/li><li class='ez-toc-page-1 ez-toc-heading-level-3'><a class=\"ez-toc-link ez-toc-heading-16\" href=\"https:\/\/interpolavukati.com\/es\/como-oponerse-a-una-solicitud-de-extradicion-en-turquia\/#%C2%BFEs_obligatorio_aceptar_devoluciones\" >\u00bfEs obligatorio aceptar devoluciones?<\/a><\/li><li class='ez-toc-page-1 ez-toc-heading-level-3'><a class=\"ez-toc-link ez-toc-heading-17\" href=\"https:\/\/interpolavukati.com\/es\/como-oponerse-a-una-solicitud-de-extradicion-en-turquia\/#Si_el_tribunal_dicta_una_decision_de_rechazo_%C2%BFse_eliminara_la_notificacion_roja\" >Si el tribunal dicta una decisi\u00f3n de rechazo, \u00bfse eliminar\u00e1 la notificaci\u00f3n roja?<\/a><\/li><li class='ez-toc-page-1 ez-toc-heading-level-3'><a class=\"ez-toc-link ez-toc-heading-18\" href=\"https:\/\/interpolavukati.com\/es\/como-oponerse-a-una-solicitud-de-extradicion-en-turquia\/#%C2%BFSe_puede_liberar_a_la_persona_durante_la_objecion\" >\u00bfSe puede liberar a la persona durante la objeci\u00f3n?<\/a><\/li><\/ul><\/li><\/ul><\/nav><\/div>\n<h2><span class=\"ez-toc-section\" id=\"Ver_el_expediente_antes_de_la_objecion\"><\/span>Ver el expediente antes de la objeci\u00f3n<span class=\"ez-toc-section-end\"><\/span><\/h2>\n<p>Se debe examinar la orden de detenci\u00f3n del pa\u00eds solicitante, la descripci\u00f3n del incidente, los antecedentes penales, la pena a aplicar y los documentos de identidad. Se reclama inmediatamente una traducci\u00f3n incompleta o una coincidencia de persona equivocada. <a href=\"https:\/\/interpolavukati.com\/es\/condiciones-para-la-extradicion-de-delincuentes\/\">Condiciones para la extradici\u00f3n de delincuentes.<\/a> Constituye el marco jur\u00eddico de la defensa.<\/p>\n<h2><span class=\"ez-toc-section\" id=\"Objecion_a_la_detencion_temporal\"><\/span>Objeci\u00f3n a la detenci\u00f3n temporal<span class=\"ez-toc-section-end\"><\/span><\/h2>\n<p>Se puede explicar con documentos que la medida no es obligatoria y proporcionada, que la solicitud oficial no se recibi\u00f3 a tiempo o que existen problemas de identidad o de salud. <a href=\"https:\/\/interpolavukati.com\/es\/metodos-de-impugnacion-de-una-orden-de-detencion-internacional\/\">Objeci\u00f3n a la orden de detenci\u00f3n internacional<\/a> Durante el juicio tambi\u00e9n se pueden discutir opciones menores, como el control judicial.<\/p>\n<h2><span class=\"ez-toc-section\" id=\"Como_eliminar_las_barreras_al_reembolso\"><\/span>C\u00f3mo eliminar las barreras al reembolso<span class=\"ez-toc-section-end\"><\/span><\/h2>\n<p>Se concretan obst\u00e1culos como la naturaleza de un delito pol\u00edtico o militar, la finalidad de la discriminaci\u00f3n, el riesgo de tortura o tratos inhumanos, el problema del juicio justo, la prescripci\u00f3n, el juicio por el mismo hecho y la ciudadan\u00eda. En lugar de reclamaciones generales del pa\u00eds, se deber\u00edan establecer informes actuales y v\u00ednculos de riesgo personal.<\/p>\n<h2><span class=\"ez-toc-section\" id=\"Defensa_en_el_Tribunal_Superior_Penal\"><\/span>Defensa en el Tribunal Superior Penal<span class=\"ez-toc-section-end\"><\/span><\/h2>\n<p>El tribunal celebrar\u00e1 una audiencia para la persona que no acepte la extradici\u00f3n por consentimiento. Cuando es necesario, se proporcionan documentos de defensa, traducciones y peritajes. <a href=\"https:\/\/interpolavukati.com\/es\/abogado-especializado-en-la-extradicion-de-delincuentes-en-estambul\/\">Apoyo de abogado en caso de extradici\u00f3n.<\/a> Se centra en incorporar las pruebas al expediente a tiempo.<\/p>\n<h2><span class=\"ez-toc-section\" id=\"Recurso_Legal_Contra_la_Decision\"><\/span>Recurso Legal Contra la Decisi\u00f3n<span class=\"ez-toc-section-end\"><\/span><\/h2>\n<p>La justificaci\u00f3n de la decisi\u00f3n de considerar aceptable la extradici\u00f3n se examina y se utiliza dentro del plazo de recurso legal prescrito por la ley. La duraci\u00f3n deber\u00e1 comprobarse en el expediente concreto seg\u00fan la naturaleza de la decisi\u00f3n y de la notificaci\u00f3n; No se debe tomar ninguna medida durante el per\u00edodo estimado.<\/p>\n<h2><span class=\"ez-toc-section\" id=\"Solicitud_separada_para_el_registro_en_Interpol\"><\/span>Solicitud separada para el registro en Interpol<span class=\"ez-toc-section-end\"><\/span><\/h2>\n<p>El llamamiento nacional no elimina autom\u00e1ticamente la notificaci\u00f3n roja. <a href=\"\/haksiz-interpol-kirmizi-bulten-basvuru-yollari\/\">Solicitud CCF contra notificaci\u00f3n roja injusta<\/a> se puede ejecutar en paralelo. La decisi\u00f3n de denegar la extradici\u00f3n puede ser un documento justificativo de esta solicitud.<\/p>\n<h2><span class=\"ez-toc-section\" id=\"Ministerio_y_Fase_de_Entrega\"><\/span>Ministerio y Fase de Entrega<span class=\"ez-toc-section-end\"><\/span><\/h2>\n<p>Despu\u00e9s de la revisi\u00f3n judicial, las etapas de autoridad central y ejecutiva pueden pasar a primer plano. <a href=\"https:\/\/interpolavukati.com\/es\/interpol-y-los-procedimientos-de-extradicion\/\">Interpol y en el expediente de devoluci\u00f3n<\/a> Se debe distinguir a qu\u00e9 autoridad pertenece cada decisi\u00f3n. Se puede crear un cronograma de defensa basado en documentos concretos con la abogada Esra Aslan.<\/p>\n<h2><span class=\"ez-toc-section\" id=\"Como_establecer_el_expediente_en_la_peticion_de_objecion\"><\/span>C\u00f3mo establecer el expediente en la petici\u00f3n de objeci\u00f3n<span class=\"ez-toc-section-end\"><\/span><\/h2>\n<p>La petici\u00f3n debe comenzar con una breve cronolog\u00eda del evento y cada obst\u00e1culo a la extradici\u00f3n debe explicarse en un t\u00edtulo separado. Es importante establecer un v\u00ednculo directo entre la afirmaci\u00f3n y la evidencia. Por ejemplo, si se alega prescripci\u00f3n, se deben comparar la historia del delito, las transacciones cortantes y las disposiciones pertinentes de ambos pa\u00edses.<\/p>\n<p>Si hay un error de identidad, se presenta fotograf\u00eda, huella digital, lugar de nacimiento e informaci\u00f3n del pasaporte en lugar de solo mencionar la similitud del nombre. En la alegaci\u00f3n de motivaci\u00f3n pol\u00edtica, las actividades del solicitante, el momento de la acusaci\u00f3n y las declaraciones oficiales se pueden mostrar cronol\u00f3gicamente.<\/p>\n<h2><span class=\"ez-toc-section\" id=\"Reclamaciones_que_pueden_plantearse_en_la_audiencia\"><\/span>Reclamaciones que pueden plantearse en la audiencia<span class=\"ez-toc-section-end\"><\/span><\/h2>\n<p>El abogado defensor podr\u00e1 solicitar tiempo para traducir el expediente, completar los documentos faltantes y recopilar pruebas. Si la detenci\u00f3n contin\u00faa, la solicitud de libertad o control judicial deber\u00e1 justificarse separadamente de la defensa principal. La residencia fija, los v\u00ednculos familiares y el estado de salud se acreditan mediante documentaci\u00f3n.<\/p>\n<p>Si la persona no sabe turco, no basta con que el int\u00e9rprete est\u00e9 presente \u00fanicamente en la audiencia; Se debe garantizar que la persona comprenda el contenido b\u00e1sico de la solicitud de imputaci\u00f3n y extradici\u00f3n. Si una traducci\u00f3n incorrecta o incompleta afectase al derecho de defensa, deber\u00e1 hacerse constar en acta.<\/p>\n<h2><span class=\"ez-toc-section\" id=\"Puntos_a_considerar_al_solicitar_recursos_legales\"><\/span>Puntos a considerar al solicitar recursos legales<span class=\"ez-toc-section-end\"><\/span><\/h2>\n<p>La petici\u00f3n de reparaci\u00f3n debe responder a los errores de hecho y de derecho en la fundamentaci\u00f3n de la decisi\u00f3n, m\u00e1s que a una repetici\u00f3n textual de la defensa de primera instancia. Se exponen claramente pruebas que el tribunal no tuvo en cuenta, disposiciones contractuales aplicadas incorrectamente y un control incompleto del riesgo para los derechos fundamentales.<\/p>\n<p>En el expediente deber\u00e1 comprobarse la fecha de notificaci\u00f3n y el plazo aplicable. Mientras se espera el plazo, no se deben descuidar procedimientos paralelos como la solicitud del CCF o la oposici\u00f3n a la orden de detenci\u00f3n en un pa\u00eds extranjero; Las nuevas decisiones deben presentarse sin demora al tribunal nacional.<\/p>\n<h2><span class=\"ez-toc-section\" id=\"Preguntas_frecuentes\"><\/span>Preguntas frecuentes<span class=\"ez-toc-section-end\"><\/span><\/h2>\n<h3><span class=\"ez-toc-section\" id=\"%C2%BFEn_que_tribunal_se_puede_objetar_la_solicitud_de_extradicion\"><\/span>\u00bfEn qu\u00e9 tribunal se puede objetar la solicitud de extradici\u00f3n?<span class=\"ez-toc-section-end\"><\/span><\/h3>\n<p>El examen de extraditabilidad se lleva a cabo ante el tribunal penal superior autorizado y determinado por la ley.<\/p>\n<h3><span class=\"ez-toc-section\" id=\"%C2%BFSe_puede_presentar_una_objecion_por_separado_a_la_detencion_provisional\"><\/span>\u00bfSe puede presentar una objeci\u00f3n por separado a la detenci\u00f3n provisional?<span class=\"ez-toc-section-end\"><\/span><\/h3>\n<p>S\u00ed, la medida cautelar puede examinarse separadamente del fondo de la extradici\u00f3n.<\/p>\n<h3><span class=\"ez-toc-section\" id=\"Como_probar_la_acusacion_de_delito_politico\"><\/span>C\u00f3mo probar la acusaci\u00f3n de delito pol\u00edtico<span class=\"ez-toc-section-end\"><\/span><\/h3>\n<p>Se presentan juntos el contexto del expediente, las explicaciones, la informaci\u00f3n del pa\u00eds y la evidencia de riesgo personal.<\/p>\n<h3><span class=\"ez-toc-section\" id=\"%C2%BFQue_pasa_si_faltan_los_documentos_de_devolucion\"><\/span>\u00bfQu\u00e9 pasa si faltan los documentos de devoluci\u00f3n?<span class=\"ez-toc-section-end\"><\/span><\/h3>\n<p>La deficiencia puede alegarse en t\u00e9rminos de la validez de la solicitud y de la continuaci\u00f3n de la medida.<\/p>\n<h3><span class=\"ez-toc-section\" id=\"%C2%BFEs_obligatorio_aceptar_devoluciones\"><\/span>\u00bfEs obligatorio aceptar devoluciones?<span class=\"ez-toc-section-end\"><\/span><\/h3>\n<p>No; No se deben tomar decisiones sin revelar los resultados del procedimiento de consentimiento.<\/p>\n<h3><span class=\"ez-toc-section\" id=\"Si_el_tribunal_dicta_una_decision_de_rechazo_%C2%BFse_eliminara_la_notificacion_roja\"><\/span>Si el tribunal dicta una decisi\u00f3n de rechazo, \u00bfse eliminar\u00e1 la notificaci\u00f3n roja?<span class=\"ez-toc-section-end\"><\/span><\/h3>\n<p>No es autom\u00e1tico; La decisi\u00f3n podr\u00e1 presentarse por separado a la CCF.<\/p>\n<h3><span class=\"ez-toc-section\" id=\"%C2%BFSe_puede_liberar_a_la_persona_durante_la_objecion\"><\/span>\u00bfSe puede liberar a la persona durante la objeci\u00f3n?<span class=\"ez-toc-section-end\"><\/span><\/h3>\n<p>Dependiendo de las condiciones cautelares se podr\u00e1 solicitar libertad o control judicial; El resultado depende del archivo.<\/p>\n<blockquote>\n<p>Este contenido es para fines de informaci\u00f3n legal general. No se puede realizar una evaluaci\u00f3n del resultado jur\u00eddico sin examinar conjuntamente los documentos del incidente concreto, el pa\u00eds solicitante y la legislaci\u00f3n vigente.<\/p>\n<\/blockquote>\n<\/article>\n","protected":false},"excerpt":{"rendered":"<p>La objeci\u00f3n a la solicitud de extradici\u00f3n en Turqu\u00eda no consiste en una \u00fanica petici\u00f3n relativa a la entrega de la persona. La objeci\u00f3n a las medidas de detenci\u00f3n y arresto temporal, la defensa contra la procedencia de la extradici\u00f3n ante el tribunal superior penal y los recursos judiciales posteriores a la decisi\u00f3n se realizan [&hellip;]<\/p>\n","protected":false},"author":1,"featured_media":0,"comment_status":"open","ping_status":"open","sticky":false,"template":"","format":"standard","meta":{"footnotes":""},"categories":[1],"tags":[],"class_list":["post-11690","post","type-post","status-publish","format-standard","hentry","category-blog","kng-no-post-thumbnail"],"yoast_head":"<!-- This site is optimized with the Yoast SEO plugin v25.1 - https:\/\/yoast.com\/wordpress\/plugins\/seo\/ -->\n<title>C\u00f3mo oponerse a una solicitud de extradici\u00f3n en Turqu\u00eda - \u0130nterpol Avukat\u0131<\/title>\n<meta name=\"robots\" content=\"index, follow, max-snippet:-1, max-image-preview:large, max-video-preview:-1\" \/>\n<link rel=\"canonical\" href=\"https:\/\/interpolavukati.com\/suclularin-iadesi-talebine-turkiyede-nasil-itiraz-edilir\/\" \/>\n<meta property=\"og:locale\" content=\"es_ES\" \/>\n<meta property=\"og:type\" content=\"article\" \/>\n<meta property=\"og:title\" content=\"C\u00f3mo oponerse a una solicitud de extradici\u00f3n en Turqu\u00eda - \u0130nterpol Avukat\u0131\" \/>\n<meta property=\"og:description\" content=\"La objeci\u00f3n a la solicitud de extradici\u00f3n en Turqu\u00eda no consiste en una \u00fanica petici\u00f3n relativa a la entrega de la persona. La objeci\u00f3n a las medidas de detenci\u00f3n y arresto temporal, la defensa contra la procedencia de la extradici\u00f3n ante el tribunal superior penal y los recursos judiciales posteriores a la decisi\u00f3n se realizan [&hellip;]\" \/>\n<meta property=\"og:url\" content=\"https:\/\/interpolavukati.com\/suclularin-iadesi-talebine-turkiyede-nasil-itiraz-edilir\/\" \/>\n<meta property=\"og:site_name\" content=\"\u0130nterpol Avukat\u0131\" \/>\n<meta property=\"article:published_time\" content=\"2026-08-07T11:54:05+00:00\" \/>\n<meta name=\"author\" content=\"admin\" \/>\n<meta name=\"twitter:card\" content=\"summary_large_image\" \/>\n<meta name=\"twitter:label1\" content=\"Escrito por\" \/>\n\t<meta name=\"twitter:data1\" content=\"admin\" \/>\n\t<meta name=\"twitter:label2\" content=\"Tiempo de lectura\" \/>\n\t<meta name=\"twitter:data2\" content=\"5 minutos\" \/>\n<script type=\"application\/ld+json\" class=\"yoast-schema-graph\">{\"@context\":\"https:\/\/schema.org\",\"@graph\":[{\"@type\":\"Article\",\"@id\":\"https:\/\/interpolavukati.com\/suclularin-iadesi-talebine-turkiyede-nasil-itiraz-edilir\/#article\",\"isPartOf\":{\"@id\":\"https:\/\/interpolavukati.com\/suclularin-iadesi-talebine-turkiyede-nasil-itiraz-edilir\/\"},\"author\":{\"name\":\"admin\",\"@id\":\"https:\/\/interpolavukati.com\/#\/schema\/person\/b1546d41479026778a71df6b32bed778\"},\"headline\":\"C\u00f3mo oponerse a una solicitud de extradici\u00f3n en Turqu\u00eda\",\"datePublished\":\"2026-08-07T11:54:05+00:00\",\"mainEntityOfPage\":{\"@id\":\"https:\/\/interpolavukati.com\/suclularin-iadesi-talebine-turkiyede-nasil-itiraz-edilir\/\"},\"wordCount\":1111,\"commentCount\":0,\"publisher\":{\"@id\":\"https:\/\/interpolavukati.com\/#organization\"},\"articleSection\":[\"Blog\"],\"inLanguage\":\"es\",\"potentialAction\":[{\"@type\":\"CommentAction\",\"name\":\"Comment\",\"target\":[\"https:\/\/interpolavukati.com\/suclularin-iadesi-talebine-turkiyede-nasil-itiraz-edilir\/#respond\"]}]},{\"@type\":\"WebPage\",\"@id\":\"https:\/\/interpolavukati.com\/suclularin-iadesi-talebine-turkiyede-nasil-itiraz-edilir\/\",\"url\":\"https:\/\/interpolavukati.com\/suclularin-iadesi-talebine-turkiyede-nasil-itiraz-edilir\/\",\"name\":\"C\u00f3mo oponerse a una solicitud de extradici\u00f3n en Turqu\u00eda - \u0130nterpol Avukat\u0131\",\"isPartOf\":{\"@id\":\"https:\/\/interpolavukati.com\/#website\"},\"datePublished\":\"2026-08-07T11:54:05+00:00\",\"breadcrumb\":{\"@id\":\"https:\/\/interpolavukati.com\/suclularin-iadesi-talebine-turkiyede-nasil-itiraz-edilir\/#breadcrumb\"},\"inLanguage\":\"es\",\"potentialAction\":[{\"@type\":\"ReadAction\",\"target\":[\"https:\/\/interpolavukati.com\/suclularin-iadesi-talebine-turkiyede-nasil-itiraz-edilir\/\"]}]},{\"@type\":\"BreadcrumbList\",\"@id\":\"https:\/\/interpolavukati.com\/suclularin-iadesi-talebine-turkiyede-nasil-itiraz-edilir\/#breadcrumb\",\"itemListElement\":[{\"@type\":\"ListItem\",\"position\":1,\"name\":\"Anasayfa\",\"item\":\"https:\/\/interpolavukati.com\/es\/\"},{\"@type\":\"ListItem\",\"position\":2,\"name\":\"C\u00f3mo oponerse a una solicitud de extradici\u00f3n en Turqu\u00eda\"}]},{\"@type\":\"WebSite\",\"@id\":\"https:\/\/interpolavukati.com\/#website\",\"url\":\"https:\/\/interpolavukati.com\/\",\"name\":\"\u0130nterpol Avukat\u0131\",\"description\":\"\",\"publisher\":{\"@id\":\"https:\/\/interpolavukati.com\/#organization\"},\"potentialAction\":[{\"@type\":\"SearchAction\",\"target\":{\"@type\":\"EntryPoint\",\"urlTemplate\":\"https:\/\/interpolavukati.com\/?s={search_term_string}\"},\"query-input\":{\"@type\":\"PropertyValueSpecification\",\"valueRequired\":true,\"valueName\":\"search_term_string\"}}],\"inLanguage\":\"es\"},{\"@type\":\"Organization\",\"@id\":\"https:\/\/interpolavukati.com\/#organization\",\"name\":\"\u0130nterpol Avukat\u0131\",\"url\":\"https:\/\/interpolavukati.com\/\",\"logo\":{\"@type\":\"ImageObject\",\"inLanguage\":\"es\",\"@id\":\"https:\/\/interpolavukati.com\/#\/schema\/logo\/image\/\",\"url\":\"https:\/\/interpolavukati.com\/wp-content\/uploads\/2021\/11\/interpol-avukati-logo-renkli-scaled.png\",\"contentUrl\":\"https:\/\/interpolavukati.com\/wp-content\/uploads\/2021\/11\/interpol-avukati-logo-renkli-scaled.png\",\"width\":1600,\"height\":533,\"caption\":\"\u0130nterpol Avukat\u0131\"},\"image\":{\"@id\":\"https:\/\/interpolavukati.com\/#\/schema\/logo\/image\/\"}},{\"@type\":\"Person\",\"@id\":\"https:\/\/interpolavukati.com\/#\/schema\/person\/b1546d41479026778a71df6b32bed778\",\"name\":\"admin\",\"image\":{\"@type\":\"ImageObject\",\"inLanguage\":\"es\",\"@id\":\"https:\/\/interpolavukati.com\/#\/schema\/person\/image\/\",\"url\":\"https:\/\/secure.gravatar.com\/avatar\/3a4192ab7a896ee82872910a2e59d54e67bb5ac0a947bc7918a43b6b88be9bd1?s=96&d=mm&r=g\",\"contentUrl\":\"https:\/\/secure.gravatar.com\/avatar\/3a4192ab7a896ee82872910a2e59d54e67bb5ac0a947bc7918a43b6b88be9bd1?s=96&d=mm&r=g\",\"caption\":\"admin\"},\"sameAs\":[\"https:\/\/interpolavukati.com\"]}]}<\/script>\n<!-- \/ Yoast SEO plugin. -->","yoast_head_json":{"title":"C\u00f3mo oponerse a una solicitud de extradici\u00f3n en Turqu\u00eda - \u0130nterpol Avukat\u0131","robots":{"index":"index","follow":"follow","max-snippet":"max-snippet:-1","max-image-preview":"max-image-preview:large","max-video-preview":"max-video-preview:-1"},"canonical":"https:\/\/interpolavukati.com\/suclularin-iadesi-talebine-turkiyede-nasil-itiraz-edilir\/","og_locale":"es_ES","og_type":"article","og_title":"C\u00f3mo oponerse a una solicitud de extradici\u00f3n en Turqu\u00eda - \u0130nterpol Avukat\u0131","og_description":"La objeci\u00f3n a la solicitud de extradici\u00f3n en Turqu\u00eda no consiste en una \u00fanica petici\u00f3n relativa a la entrega de la persona. La objeci\u00f3n a las medidas de detenci\u00f3n y arresto temporal, la defensa contra la procedencia de la extradici\u00f3n ante el tribunal superior penal y los recursos judiciales posteriores a la decisi\u00f3n se realizan [&hellip;]","og_url":"https:\/\/interpolavukati.com\/suclularin-iadesi-talebine-turkiyede-nasil-itiraz-edilir\/","og_site_name":"\u0130nterpol Avukat\u0131","article_published_time":"2026-08-07T11:54:05+00:00","author":"admin","twitter_card":"summary_large_image","twitter_misc":{"Escrito por":"admin","Tiempo de lectura":"5 minutos"},"schema":{"@context":"https:\/\/schema.org","@graph":[{"@type":"Article","@id":"https:\/\/interpolavukati.com\/suclularin-iadesi-talebine-turkiyede-nasil-itiraz-edilir\/#article","isPartOf":{"@id":"https:\/\/interpolavukati.com\/suclularin-iadesi-talebine-turkiyede-nasil-itiraz-edilir\/"},"author":{"name":"admin","@id":"https:\/\/interpolavukati.com\/#\/schema\/person\/b1546d41479026778a71df6b32bed778"},"headline":"C\u00f3mo oponerse a una solicitud de extradici\u00f3n en Turqu\u00eda","datePublished":"2026-08-07T11:54:05+00:00","mainEntityOfPage":{"@id":"https:\/\/interpolavukati.com\/suclularin-iadesi-talebine-turkiyede-nasil-itiraz-edilir\/"},"wordCount":1111,"commentCount":0,"publisher":{"@id":"https:\/\/interpolavukati.com\/#organization"},"articleSection":["Blog"],"inLanguage":"es","potentialAction":[{"@type":"CommentAction","name":"Comment","target":["https:\/\/interpolavukati.com\/suclularin-iadesi-talebine-turkiyede-nasil-itiraz-edilir\/#respond"]}]},{"@type":"WebPage","@id":"https:\/\/interpolavukati.com\/suclularin-iadesi-talebine-turkiyede-nasil-itiraz-edilir\/","url":"https:\/\/interpolavukati.com\/suclularin-iadesi-talebine-turkiyede-nasil-itiraz-edilir\/","name":"C\u00f3mo oponerse a una solicitud de extradici\u00f3n en Turqu\u00eda - \u0130nterpol Avukat\u0131","isPartOf":{"@id":"https:\/\/interpolavukati.com\/#website"},"datePublished":"2026-08-07T11:54:05+00:00","breadcrumb":{"@id":"https:\/\/interpolavukati.com\/suclularin-iadesi-talebine-turkiyede-nasil-itiraz-edilir\/#breadcrumb"},"inLanguage":"es","potentialAction":[{"@type":"ReadAction","target":["https:\/\/interpolavukati.com\/suclularin-iadesi-talebine-turkiyede-nasil-itiraz-edilir\/"]}]},{"@type":"BreadcrumbList","@id":"https:\/\/interpolavukati.com\/suclularin-iadesi-talebine-turkiyede-nasil-itiraz-edilir\/#breadcrumb","itemListElement":[{"@type":"ListItem","position":1,"name":"Anasayfa","item":"https:\/\/interpolavukati.com\/es\/"},{"@type":"ListItem","position":2,"name":"C\u00f3mo oponerse a una solicitud de extradici\u00f3n en Turqu\u00eda"}]},{"@type":"WebSite","@id":"https:\/\/interpolavukati.com\/#website","url":"https:\/\/interpolavukati.com\/","name":"\u0130nterpol Avukat\u0131","description":"","publisher":{"@id":"https:\/\/interpolavukati.com\/#organization"},"potentialAction":[{"@type":"SearchAction","target":{"@type":"EntryPoint","urlTemplate":"https:\/\/interpolavukati.com\/?s={search_term_string}"},"query-input":{"@type":"PropertyValueSpecification","valueRequired":true,"valueName":"search_term_string"}}],"inLanguage":"es"},{"@type":"Organization","@id":"https:\/\/interpolavukati.com\/#organization","name":"\u0130nterpol Avukat\u0131","url":"https:\/\/interpolavukati.com\/","logo":{"@type":"ImageObject","inLanguage":"es","@id":"https:\/\/interpolavukati.com\/#\/schema\/logo\/image\/","url":"https:\/\/interpolavukati.com\/wp-content\/uploads\/2021\/11\/interpol-avukati-logo-renkli-scaled.png","contentUrl":"https:\/\/interpolavukati.com\/wp-content\/uploads\/2021\/11\/interpol-avukati-logo-renkli-scaled.png","width":1600,"height":533,"caption":"\u0130nterpol Avukat\u0131"},"image":{"@id":"https:\/\/interpolavukati.com\/#\/schema\/logo\/image\/"}},{"@type":"Person","@id":"https:\/\/interpolavukati.com\/#\/schema\/person\/b1546d41479026778a71df6b32bed778","name":"admin","image":{"@type":"ImageObject","inLanguage":"es","@id":"https:\/\/interpolavukati.com\/#\/schema\/person\/image\/","url":"https:\/\/secure.gravatar.com\/avatar\/3a4192ab7a896ee82872910a2e59d54e67bb5ac0a947bc7918a43b6b88be9bd1?s=96&d=mm&r=g","contentUrl":"https:\/\/secure.gravatar.com\/avatar\/3a4192ab7a896ee82872910a2e59d54e67bb5ac0a947bc7918a43b6b88be9bd1?s=96&d=mm&r=g","caption":"admin"},"sameAs":["https:\/\/interpolavukati.com"]}]}},"_links":{"self":[{"href":"https:\/\/interpolavukati.com\/es\/wp-json\/wp\/v2\/posts\/11690","targetHints":{"allow":["GET"]}}],"collection":[{"href":"https:\/\/interpolavukati.com\/es\/wp-json\/wp\/v2\/posts"}],"about":[{"href":"https:\/\/interpolavukati.com\/es\/wp-json\/wp\/v2\/types\/post"}],"author":[{"embeddable":true,"href":"https:\/\/interpolavukati.com\/es\/wp-json\/wp\/v2\/users\/1"}],"replies":[{"embeddable":true,"href":"https:\/\/interpolavukati.com\/es\/wp-json\/wp\/v2\/comments?post=11690"}],"version-history":[{"count":0,"href":"https:\/\/interpolavukati.com\/es\/wp-json\/wp\/v2\/posts\/11690\/revisions"}],"wp:attachment":[{"href":"https:\/\/interpolavukati.com\/es\/wp-json\/wp\/v2\/media?parent=11690"}],"wp:term":[{"taxonomy":"category","embeddable":true,"href":"https:\/\/interpolavukati.com\/es\/wp-json\/wp\/v2\/categories?post=11690"},{"taxonomy":"post_tag","embeddable":true,"href":"https:\/\/interpolavukati.com\/es\/wp-json\/wp\/v2\/tags?post=11690"}],"curies":[{"name":"wp","href":"https:\/\/api.w.org\/{rel}","templated":true}]}}