{"id":11700,"date":"2026-08-07T12:20:11","date_gmt":"2026-08-07T12:20:11","guid":{"rendered":"https:\/\/interpolavukati.com\/proceso-de-extradicion-desde-turquia-debido-a-busqueda-de-interpol\/"},"modified":"2026-08-07T12:20:11","modified_gmt":"2026-08-07T12:20:11","slug":"proceso-de-extradicion-desde-turquia-debido-a-busqueda-de-interpol","status":"publish","type":"post","link":"https:\/\/interpolavukati.com\/es\/proceso-de-extradicion-desde-turquia-debido-a-busqueda-de-interpol\/","title":{"rendered":"Proceso de extradici\u00f3n desde Turqu\u00eda debido a b\u00fasqueda de Interpol"},"content":{"rendered":"<article>\n<p>El proceso de extradici\u00f3n desde Turqu\u00eda debido a una b\u00fasqueda de Interpol no se completa autom\u00e1ticamente al ver la notificaci\u00f3n roja. A los efectos de la extradici\u00f3n, el Estado extranjero debe presentar una solicitud de detenci\u00f3n temporal o extradici\u00f3n oficial, y las autoridades turcas deben tomar decisiones separadas en el marco de la Ley No. 6706 y los acuerdos aplicables.<\/p>\n<div id=\"ez-toc-container\" class=\"ez-toc-v2_0_76 counter-hierarchy ez-toc-counter ez-toc-grey ez-toc-container-direction\">\n<div class=\"ez-toc-title-container\">\n<p class=\"ez-toc-title\" style=\"cursor:inherit\">\u0130\u00e7indekiler<\/p>\n<span class=\"ez-toc-title-toggle\"><a href=\"#\" class=\"ez-toc-pull-right ez-toc-btn ez-toc-btn-xs ez-toc-btn-default ez-toc-toggle\" aria-label=\"Alternar tabla de contenidos\"><span class=\"ez-toc-js-icon-con\"><span class=\"\"><span class=\"eztoc-hide\" style=\"display:none;\">Toggle<\/span><span class=\"ez-toc-icon-toggle-span\"><svg style=\"fill: #999;color:#999\" xmlns=\"http:\/\/www.w3.org\/2000\/svg\" class=\"list-377408\" width=\"20px\" height=\"20px\" viewBox=\"0 0 24 24\" fill=\"none\"><path d=\"M6 6H4v2h2V6zm14 0H8v2h12V6zM4 11h2v2H4v-2zm16 0H8v2h12v-2zM4 16h2v2H4v-2zm16 0H8v2h12v-2z\" fill=\"currentColor\"><\/path><\/svg><svg style=\"fill: #999;color:#999\" class=\"arrow-unsorted-368013\" xmlns=\"http:\/\/www.w3.org\/2000\/svg\" width=\"10px\" height=\"10px\" viewBox=\"0 0 24 24\" version=\"1.2\" baseProfile=\"tiny\"><path d=\"M18.2 9.3l-6.2-6.3-6.2 6.3c-.2.2-.3.4-.3.7s.1.5.3.7c.2.2.4.3.7.3h11c.3 0 .5-.1.7-.3.2-.2.3-.5.3-.7s-.1-.5-.3-.7zM5.8 14.7l6.2 6.3 6.2-6.3c.2-.2.3-.5.3-.7s-.1-.5-.3-.7c-.2-.2-.4-.3-.7-.3h-11c-.3 0-.5.1-.7.3-.2.2-.3.5-.3.7s.1.5.3.7z\"\/><\/svg><\/span><\/span><\/span><\/a><\/span><\/div>\n<nav><ul class='ez-toc-list ez-toc-list-level-1 ' ><li class='ez-toc-page-1 ez-toc-heading-level-2'><a class=\"ez-toc-link ez-toc-heading-1\" href=\"https:\/\/interpolavukati.com\/es\/proceso-de-extradicion-desde-turquia-debido-a-busqueda-de-interpol\/#El_registro_en_Interpol_no_es_una_decision_de_reembolso\" >El registro en Interpol no es una decisi\u00f3n de reembolso<\/a><\/li><li class='ez-toc-page-1 ez-toc-heading-level-2'><a class=\"ez-toc-link ez-toc-heading-2\" href=\"https:\/\/interpolavukati.com\/es\/proceso-de-extradicion-desde-turquia-debido-a-busqueda-de-interpol\/#Primeras_transacciones_en_Turquia\" >Primeras transacciones en Turqu\u00eda<\/a><\/li><li class='ez-toc-page-1 ez-toc-heading-level-2'><a class=\"ez-toc-link ez-toc-heading-3\" href=\"https:\/\/interpolavukati.com\/es\/proceso-de-extradicion-desde-turquia-debido-a-busqueda-de-interpol\/#Detencion_Temporal_y_Solicitud_Oficial\" >Detenci\u00f3n Temporal y Solicitud Oficial<\/a><\/li><li class='ez-toc-page-1 ez-toc-heading-level-2'><a class=\"ez-toc-link ez-toc-heading-4\" href=\"https:\/\/interpolavukati.com\/es\/proceso-de-extradicion-desde-turquia-debido-a-busqueda-de-interpol\/#Aceptabilidad_de_la_devolucion\" >Aceptabilidad de la devoluci\u00f3n<\/a><\/li><li class='ez-toc-page-1 ez-toc-heading-level-2'><a class=\"ez-toc-link ez-toc-heading-5\" href=\"https:\/\/interpolavukati.com\/es\/proceso-de-extradicion-desde-turquia-debido-a-busqueda-de-interpol\/#Fase_posterior_a_la_decision_judicial\" >Fase posterior a la decisi\u00f3n judicial<\/a><\/li><li class='ez-toc-page-1 ez-toc-heading-level-2'><a class=\"ez-toc-link ez-toc-heading-6\" href=\"https:\/\/interpolavukati.com\/es\/proceso-de-extradicion-desde-turquia-debido-a-busqueda-de-interpol\/#Aplicacion_paralela_al_Boletin_Rojo\" >Aplicaci\u00f3n paralela al Bolet\u00edn Rojo<\/a><\/li><li class='ez-toc-page-1 ez-toc-heading-level-2'><a class=\"ez-toc-link ez-toc-heading-7\" href=\"https:\/\/interpolavukati.com\/es\/proceso-de-extradicion-desde-turquia-debido-a-busqueda-de-interpol\/#Preparacion_de_la_defensa\" >Preparaci\u00f3n de la defensa<\/a><\/li><li class='ez-toc-page-1 ez-toc-heading-level-2'><a class=\"ez-toc-link ez-toc-heading-8\" href=\"https:\/\/interpolavukati.com\/es\/proceso-de-extradicion-desde-turquia-debido-a-busqueda-de-interpol\/#%C2%BFQue_documentos_se_requieren_en_una_solicitud_oficial_de_reembolso\" >\u00bfQu\u00e9 documentos se requieren en una solicitud oficial de reembolso?<\/a><\/li><li class='ez-toc-page-1 ez-toc-heading-level-2'><a class=\"ez-toc-link ez-toc-heading-9\" href=\"https:\/\/interpolavukati.com\/es\/proceso-de-extradicion-desde-turquia-debido-a-busqueda-de-interpol\/#Como_realizar_una_revision_de_los_derechos_humanos\" >C\u00f3mo realizar una revisi\u00f3n de los derechos humanos<\/a><\/li><li class='ez-toc-page-1 ez-toc-heading-level-2'><a class=\"ez-toc-link ez-toc-heading-10\" href=\"https:\/\/interpolavukati.com\/es\/proceso-de-extradicion-desde-turquia-debido-a-busqueda-de-interpol\/#Procedimientos_practicos_antes_del_parto\" >Procedimientos pr\u00e1cticos antes del parto<\/a><\/li><li class='ez-toc-page-1 ez-toc-heading-level-2'><a class=\"ez-toc-link ez-toc-heading-11\" href=\"https:\/\/interpolavukati.com\/es\/proceso-de-extradicion-desde-turquia-debido-a-busqueda-de-interpol\/#Preguntas_frecuentes\" >Preguntas frecuentes<\/a><ul class='ez-toc-list-level-3' ><li class='ez-toc-heading-level-3'><a class=\"ez-toc-link ez-toc-heading-12\" href=\"https:\/\/interpolavukati.com\/es\/proceso-de-extradicion-desde-turquia-debido-a-busqueda-de-interpol\/#%C2%BFEs_suficiente_la_notificacion_roja_para_la_extradicion_de_Turquia\" >\u00bfEs suficiente la notificaci\u00f3n roja para la extradici\u00f3n de Turqu\u00eda?<\/a><\/li><li class='ez-toc-page-1 ez-toc-heading-level-3'><a class=\"ez-toc-link ez-toc-heading-13\" href=\"https:\/\/interpolavukati.com\/es\/proceso-de-extradicion-desde-turquia-debido-a-busqueda-de-interpol\/#%C2%BFExiste_necesariamente_un_arresto_para_la_extradicion\" >\u00bfExiste necesariamente un arresto para la extradici\u00f3n?<\/a><\/li><li class='ez-toc-page-1 ez-toc-heading-level-3'><a class=\"ez-toc-link ez-toc-heading-14\" href=\"https:\/\/interpolavukati.com\/es\/proceso-de-extradicion-desde-turquia-debido-a-busqueda-de-interpol\/#%C2%BFSe_puede_extraditar_a_un_ciudadano_turco_a_un_pais_extranjero\" >\u00bfSe puede extraditar a un ciudadano turco a un pa\u00eds extranjero?<\/a><\/li><li class='ez-toc-page-1 ez-toc-heading-level-3'><a class=\"ez-toc-link ez-toc-heading-15\" href=\"https:\/\/interpolavukati.com\/es\/proceso-de-extradicion-desde-turquia-debido-a-busqueda-de-interpol\/#%C2%BFQue_cuestiones_examina_el_tribunal\" >\u00bfQu\u00e9 cuestiones examina el tribunal?<\/a><\/li><li class='ez-toc-page-1 ez-toc-heading-level-3'><a class=\"ez-toc-link ez-toc-heading-16\" href=\"https:\/\/interpolavukati.com\/es\/proceso-de-extradicion-desde-turquia-debido-a-busqueda-de-interpol\/#%C2%BFLa_aplicacion_del_CCF_detiene_el_reembolso\" >\u00bfLa aplicaci\u00f3n del CCF detiene el reembolso?<\/a><\/li><li class='ez-toc-page-1 ez-toc-heading-level-3'><a class=\"ez-toc-link ez-toc-heading-17\" href=\"https:\/\/interpolavukati.com\/es\/proceso-de-extradicion-desde-turquia-debido-a-busqueda-de-interpol\/#%C2%BFExiste_algun_recurso_legal_contra_la_decision_de_extradicion\" >\u00bfExiste alg\u00fan recurso legal contra la decisi\u00f3n de extradici\u00f3n?<\/a><\/li><li class='ez-toc-page-1 ez-toc-heading-level-3'><a class=\"ez-toc-link ez-toc-heading-18\" href=\"https:\/\/interpolavukati.com\/es\/proceso-de-extradicion-desde-turquia-debido-a-busqueda-de-interpol\/#%C2%BFSe_puede_solicitar_un_traductor\" >\u00bfSe puede solicitar un traductor?<\/a><\/li><\/ul><\/li><\/ul><\/nav><\/div>\n<h2><span class=\"ez-toc-section\" id=\"El_registro_en_Interpol_no_es_una_decision_de_reembolso\"><\/span>El registro en Interpol no es una decisi\u00f3n de reembolso<span class=\"ez-toc-section-end\"><\/span><\/h2>\n<p>La notificaci\u00f3n roja se utiliza para determinar el paradero de la persona buscada y presentar la solicitud de medidas provisionales. Las autoridades turcas examinan si la extradici\u00f3n es legalmente posible. <a href=\"https:\/\/interpolavukati.com\/es\/interpol-y-los-procedimientos-de-extradicion\/\">Interpol y procesos de extradici\u00f3n<\/a> La distinci\u00f3n entre ellos es el punto de partida de la defensa.<\/p>\n<h2><span class=\"ez-toc-section\" id=\"Primeras_transacciones_en_Turquia\"><\/span>Primeras transacciones en Turqu\u00eda<span class=\"ez-toc-section-end\"><\/span><\/h2>\n<p>Despu\u00e9s de la identificaci\u00f3n, la fiscal\u00eda investiga la actualidad del expediente y el estado solicitante. La detenci\u00f3n y el comparecencia ante un juez est\u00e1n sujetos a la legislaci\u00f3n nacional. <a href=\"https:\/\/interpolavukati.com\/es\/detencion-por-una-orden-de-busqueda-y-captura\/\">Detenci\u00f3n por aviso rojo<\/a> No es una medida de protecci\u00f3n autom\u00e1tica, sino que depende de condiciones distintas.<\/p>\n<h2><span class=\"ez-toc-section\" id=\"Detencion_Temporal_y_Solicitud_Oficial\"><\/span>Detenci\u00f3n Temporal y Solicitud Oficial<span class=\"ez-toc-section-end\"><\/span><\/h2>\n<p>En casos de emergencia, se podr\u00e1 solicitar el arresto temporal antes de que se reciban los documentos de extradici\u00f3n. Si la solicitud oficial y sus anexos no se reciben dentro del plazo especificado en el contrato aplicable, se discute la continuaci\u00f3n de la medida. En el expediente se solicita orden de aprehensi\u00f3n, descripci\u00f3n del hecho, naturaleza jur\u00eddica del delito y documentos de identidad.<\/p>\n<h2><span class=\"ez-toc-section\" id=\"Aceptabilidad_de_la_devolucion\"><\/span>Aceptabilidad de la devoluci\u00f3n<span class=\"ez-toc-section-end\"><\/span><\/h2>\n<p>Si la persona no da su consentimiento, el tribunal superior penal a cargo celebrar\u00e1 una audiencia y evaluar\u00e1 las condiciones de la extradici\u00f3n. Se examina la doble punibilidad, la prescripci\u00f3n, el delito pol\u00edtico, la ciudadan\u00eda, el riesgo para los derechos humanos y las decisiones sobre un mismo hecho. <a href=\"https:\/\/interpolavukati.com\/es\/condiciones-para-la-extradicion-de-delincuentes\/\">Condiciones materiales de devoluci\u00f3n<\/a> Se aplica por separado en cada expediente.<\/p>\n<h2><span class=\"ez-toc-section\" id=\"Fase_posterior_a_la_decision_judicial\"><\/span>Fase posterior a la decisi\u00f3n judicial<span class=\"ez-toc-section-end\"><\/span><\/h2>\n<p>La decisi\u00f3n de extradici\u00f3n del tribunal no significa que la persona sea entregada inmediatamente. Puede haber recursos y etapas legales respecto del poder ejecutivo. <a href=\"https:\/\/interpolavukati.com\/es\/abogado-especializado-en-la-extradicion-de-delincuentes-en-estambul\/\">Defensa de la extradici\u00f3n en Estambul<\/a> Se planifica en base a la justificaci\u00f3n de la decisi\u00f3n y los plazos.<\/p>\n<h2><span class=\"ez-toc-section\" id=\"Aplicacion_paralela_al_Boletin_Rojo\"><\/span>Aplicaci\u00f3n paralela al Bolet\u00edn Rojo<span class=\"ez-toc-section-end\"><\/span><\/h2>\n<p>Las solicitudes de baja pueden realizarse ante la CCF; Esta aplicaci\u00f3n no detiene autom\u00e1ticamente el expediente de extradici\u00f3n turco. Tambi\u00e9n se debe monitorear la anulaci\u00f3n de la decisi\u00f3n en el pa\u00eds solicitante.<\/p>\n<h2><span class=\"ez-toc-section\" id=\"Preparacion_de_la_defensa\"><\/span>Preparaci\u00f3n de la defensa<span class=\"ez-toc-section-end\"><\/span><\/h2>\n<p>Los documentos relativos a identidad, ciudadan\u00eda, salud, v\u00ednculos familiares, decisiones previas y riesgos en el pa\u00eds solicitante pueden ser revisados \u200b\u200bcon la abogada Esra Aslan. <a href=\"https:\/\/interpolavukati.com\/es\/interpol-avukati-ve-uluslararasi-iade-hukuku\/\">Ley de extradici\u00f3n internacional<\/a> y las medidas nacionales de protecci\u00f3n se eval\u00faan conjuntamente.<\/p>\n<h2><span class=\"ez-toc-section\" id=\"%C2%BFQue_documentos_se_requieren_en_una_solicitud_oficial_de_reembolso\"><\/span>\u00bfQu\u00e9 documentos se requieren en una solicitud oficial de reembolso?<span class=\"ez-toc-section-end\"><\/span><\/h2>\n<p>El Estado requirente debe identificar claramente a la persona y el acto alegado. Una copia de la orden de arresto, el lugar y la hora del delito, las disposiciones legales aplicables, la informaci\u00f3n sobre el estatuto de limitaciones y los materiales de identificaci\u00f3n son las partes b\u00e1sicas del expediente. Tambi\u00e9n se examina la traducci\u00f3n adecuada de los documentos y su recepci\u00f3n de la autoridad competente.<\/p>\n<p>Las deficiencias en el expediente no siempre pueden dar lugar al rechazo inmediato de la solicitud; La autoridad central podr\u00e1 solicitar informaci\u00f3n adicional. Por otra parte, la deficiencia es importante para la continuaci\u00f3n de la detenci\u00f3n temporal y la preparaci\u00f3n de la defensa.<\/p>\n<h2><span class=\"ez-toc-section\" id=\"Como_realizar_una_revision_de_los_derechos_humanos\"><\/span>C\u00f3mo realizar una revisi\u00f3n de los derechos humanos<span class=\"ez-toc-section-end\"><\/span><\/h2>\n<p>El riesgo de tortura, trato inhumano o un juicio claramente justo no debe invocarse en abstracto. Debe establecerse un v\u00ednculo concreto entre las condiciones carcelarias, el estado de salud de la persona, su perfil pol\u00edtico o social y el curso del expediente en el pa\u00eds solicitante. Los informes nacionales actuales y fiables est\u00e1n respaldados por pruebas personales.<\/p>\n<p>El Estado requirente puede ofrecer garant\u00edas en algunos casos. Si la garant\u00eda es clara, ejecutable y auditable; Si entra en conflicto con pr\u00e1cticas anteriores o no, se puede discutir ante el tribunal.<\/p>\n<h2><span class=\"ez-toc-section\" id=\"Procedimientos_practicos_antes_del_parto\"><\/span>Procedimientos pr\u00e1cticos antes del parto<span class=\"ez-toc-section-end\"><\/span><\/h2>\n<p>Cualquier investigaci\u00f3n penal adicional en curso despu\u00e9s de la decisi\u00f3n de extradici\u00f3n puede afectar la sentencia final o el plazo de incapacidad m\u00e9dica. Cuestiones como los efectos personales, la notificaci\u00f3n a la familia y la ruta de entrega pasan a primer plano durante la fase de implementaci\u00f3n de la decisi\u00f3n judicial.<\/p>\n<p>Si la persona es entregada, puede ganar importancia la regla de especialidad, que establece que la persona debe ser juzgada por los cargos permitidos por el Estado que la extradita. Por lo tanto, los documentos de la reclamaci\u00f3n deben conservarse no s\u00f3lo para la resoluci\u00f3n en Turqu\u00eda, sino tambi\u00e9n para procedimientos posteriores en el extranjero.<\/p>\n<h2><span class=\"ez-toc-section\" id=\"Preguntas_frecuentes\"><\/span>Preguntas frecuentes<span class=\"ez-toc-section-end\"><\/span><\/h2>\n<h3><span class=\"ez-toc-section\" id=\"%C2%BFEs_suficiente_la_notificacion_roja_para_la_extradicion_de_Turquia\"><\/span>\u00bfEs suficiente la notificaci\u00f3n roja para la extradici\u00f3n de Turqu\u00eda?<span class=\"ez-toc-section-end\"><\/span><\/h3>\n<p>No; Se requieren procesos oficiales y decisiones de las autoridades turcas.<\/p>\n<h3><span class=\"ez-toc-section\" id=\"%C2%BFExiste_necesariamente_un_arresto_para_la_extradicion\"><\/span>\u00bfExiste necesariamente un arresto para la extradici\u00f3n?<span class=\"ez-toc-section-end\"><\/span><\/h3>\n<p>No; La medida se eval\u00faa en funci\u00f3n de circunstancias concretas.<\/p>\n<h3><span class=\"ez-toc-section\" id=\"%C2%BFSe_puede_extraditar_a_un_ciudadano_turco_a_un_pais_extranjero\"><\/span>\u00bfSe puede extraditar a un ciudadano turco a un pa\u00eds extranjero?<span class=\"ez-toc-section-end\"><\/span><\/h3>\n<p>Tambi\u00e9n se examina el marco constitucional y de excepci\u00f3n de los tribunales penales internacionales.<\/p>\n<h3><span class=\"ez-toc-section\" id=\"%C2%BFQue_cuestiones_examina_el_tribunal\"><\/span>\u00bfQu\u00e9 cuestiones examina el tribunal?<span class=\"ez-toc-section-end\"><\/span><\/h3>\n<p>Examina los obst\u00e1culos a la extradici\u00f3n, la naturaleza del delito, el plazo de prescripci\u00f3n y los riesgos para los derechos fundamentales.<\/p>\n<h3><span class=\"ez-toc-section\" id=\"%C2%BFLa_aplicacion_del_CCF_detiene_el_reembolso\"><\/span>\u00bfLa aplicaci\u00f3n del CCF detiene el reembolso?<span class=\"ez-toc-section-end\"><\/span><\/h3>\n<p>No se detiene autom\u00e1ticamente.<\/p>\n<h3><span class=\"ez-toc-section\" id=\"%C2%BFExiste_algun_recurso_legal_contra_la_decision_de_extradicion\"><\/span>\u00bfExiste alg\u00fan recurso legal contra la decisi\u00f3n de extradici\u00f3n?<span class=\"ez-toc-section-end\"><\/span><\/h3>\n<p>La posibilidad de oposici\u00f3n o recurso se eval\u00faa seg\u00fan el tipo y etapa de la decisi\u00f3n.<\/p>\n<h3><span class=\"ez-toc-section\" id=\"%C2%BFSe_puede_solicitar_un_traductor\"><\/span>\u00bfSe puede solicitar un traductor?<span class=\"ez-toc-section-end\"><\/span><\/h3>\n<p>Una persona que no hable turco deber\u00eda contar con la ayuda de un traductor para comprender los procedimientos.<\/p>\n<blockquote>\n<p>Este contenido es para fines de informaci\u00f3n legal general. No se puede realizar una evaluaci\u00f3n del resultado jur\u00eddico sin examinar conjuntamente los documentos del incidente concreto, el pa\u00eds solicitante y la legislaci\u00f3n vigente.<\/p>\n<\/blockquote>\n<\/article>\n","protected":false},"excerpt":{"rendered":"<p>El proceso de extradici\u00f3n desde Turqu\u00eda debido a una b\u00fasqueda de Interpol no se completa autom\u00e1ticamente al ver la notificaci\u00f3n roja. A los efectos de la extradici\u00f3n, el Estado extranjero debe presentar una solicitud de detenci\u00f3n temporal o extradici\u00f3n oficial, y las autoridades turcas deben tomar decisiones separadas en el marco de la Ley No. [&hellip;]<\/p>\n","protected":false},"author":1,"featured_media":0,"comment_status":"open","ping_status":"open","sticky":false,"template":"","format":"standard","meta":{"footnotes":""},"categories":[1],"tags":[],"class_list":["post-11700","post","type-post","status-publish","format-standard","hentry","category-blog","kng-no-post-thumbnail"],"yoast_head":"<!-- This site is optimized with the Yoast SEO plugin v25.1 - https:\/\/yoast.com\/wordpress\/plugins\/seo\/ -->\n<title>Proceso de extradici\u00f3n desde Turqu\u00eda debido a b\u00fasqueda de Interpol - \u0130nterpol Avukat\u0131<\/title>\n<meta name=\"robots\" content=\"index, follow, max-snippet:-1, max-image-preview:large, max-video-preview:-1\" \/>\n<link rel=\"canonical\" href=\"https:\/\/interpolavukati.com\/interpol-aramasi-nedeniyle-turkiyeden-iade-edilme-sureci\/\" \/>\n<meta property=\"og:locale\" content=\"es_ES\" \/>\n<meta property=\"og:type\" content=\"article\" \/>\n<meta property=\"og:title\" content=\"Proceso de extradici\u00f3n desde Turqu\u00eda debido a b\u00fasqueda de Interpol - \u0130nterpol Avukat\u0131\" \/>\n<meta property=\"og:description\" content=\"El proceso de extradici\u00f3n desde Turqu\u00eda debido a una b\u00fasqueda de Interpol no se completa autom\u00e1ticamente al ver la notificaci\u00f3n roja. A los efectos de la extradici\u00f3n, el Estado extranjero debe presentar una solicitud de detenci\u00f3n temporal o extradici\u00f3n oficial, y las autoridades turcas deben tomar decisiones separadas en el marco de la Ley No. [&hellip;]\" \/>\n<meta property=\"og:url\" content=\"https:\/\/interpolavukati.com\/interpol-aramasi-nedeniyle-turkiyeden-iade-edilme-sureci\/\" \/>\n<meta property=\"og:site_name\" content=\"\u0130nterpol Avukat\u0131\" \/>\n<meta property=\"article:published_time\" content=\"2026-08-07T12:20:11+00:00\" \/>\n<meta name=\"author\" content=\"admin\" \/>\n<meta name=\"twitter:card\" content=\"summary_large_image\" \/>\n<meta name=\"twitter:label1\" content=\"Escrito por\" \/>\n\t<meta name=\"twitter:data1\" content=\"admin\" \/>\n\t<meta name=\"twitter:label2\" content=\"Tiempo de lectura\" \/>\n\t<meta name=\"twitter:data2\" content=\"5 minutos\" \/>\n<script type=\"application\/ld+json\" class=\"yoast-schema-graph\">{\"@context\":\"https:\/\/schema.org\",\"@graph\":[{\"@type\":\"Article\",\"@id\":\"https:\/\/interpolavukati.com\/interpol-aramasi-nedeniyle-turkiyeden-iade-edilme-sureci\/#article\",\"isPartOf\":{\"@id\":\"https:\/\/interpolavukati.com\/interpol-aramasi-nedeniyle-turkiyeden-iade-edilme-sureci\/\"},\"author\":{\"name\":\"admin\",\"@id\":\"https:\/\/interpolavukati.com\/#\/schema\/person\/b1546d41479026778a71df6b32bed778\"},\"headline\":\"Proceso de extradici\u00f3n desde Turqu\u00eda debido a b\u00fasqueda de Interpol\",\"datePublished\":\"2026-08-07T12:20:11+00:00\",\"mainEntityOfPage\":{\"@id\":\"https:\/\/interpolavukati.com\/interpol-aramasi-nedeniyle-turkiyeden-iade-edilme-sureci\/\"},\"wordCount\":1064,\"commentCount\":0,\"publisher\":{\"@id\":\"https:\/\/interpolavukati.com\/#organization\"},\"articleSection\":[\"Blog\"],\"inLanguage\":\"es\",\"potentialAction\":[{\"@type\":\"CommentAction\",\"name\":\"Comment\",\"target\":[\"https:\/\/interpolavukati.com\/interpol-aramasi-nedeniyle-turkiyeden-iade-edilme-sureci\/#respond\"]}]},{\"@type\":\"WebPage\",\"@id\":\"https:\/\/interpolavukati.com\/interpol-aramasi-nedeniyle-turkiyeden-iade-edilme-sureci\/\",\"url\":\"https:\/\/interpolavukati.com\/interpol-aramasi-nedeniyle-turkiyeden-iade-edilme-sureci\/\",\"name\":\"Proceso de extradici\u00f3n desde Turqu\u00eda debido a b\u00fasqueda de Interpol - \u0130nterpol Avukat\u0131\",\"isPartOf\":{\"@id\":\"https:\/\/interpolavukati.com\/#website\"},\"datePublished\":\"2026-08-07T12:20:11+00:00\",\"breadcrumb\":{\"@id\":\"https:\/\/interpolavukati.com\/interpol-aramasi-nedeniyle-turkiyeden-iade-edilme-sureci\/#breadcrumb\"},\"inLanguage\":\"es\",\"potentialAction\":[{\"@type\":\"ReadAction\",\"target\":[\"https:\/\/interpolavukati.com\/interpol-aramasi-nedeniyle-turkiyeden-iade-edilme-sureci\/\"]}]},{\"@type\":\"BreadcrumbList\",\"@id\":\"https:\/\/interpolavukati.com\/interpol-aramasi-nedeniyle-turkiyeden-iade-edilme-sureci\/#breadcrumb\",\"itemListElement\":[{\"@type\":\"ListItem\",\"position\":1,\"name\":\"Anasayfa\",\"item\":\"https:\/\/interpolavukati.com\/es\/\"},{\"@type\":\"ListItem\",\"position\":2,\"name\":\"Proceso de extradici\u00f3n desde Turqu\u00eda debido a b\u00fasqueda de Interpol\"}]},{\"@type\":\"WebSite\",\"@id\":\"https:\/\/interpolavukati.com\/#website\",\"url\":\"https:\/\/interpolavukati.com\/\",\"name\":\"\u0130nterpol Avukat\u0131\",\"description\":\"\",\"publisher\":{\"@id\":\"https:\/\/interpolavukati.com\/#organization\"},\"potentialAction\":[{\"@type\":\"SearchAction\",\"target\":{\"@type\":\"EntryPoint\",\"urlTemplate\":\"https:\/\/interpolavukati.com\/?s={search_term_string}\"},\"query-input\":{\"@type\":\"PropertyValueSpecification\",\"valueRequired\":true,\"valueName\":\"search_term_string\"}}],\"inLanguage\":\"es\"},{\"@type\":\"Organization\",\"@id\":\"https:\/\/interpolavukati.com\/#organization\",\"name\":\"\u0130nterpol Avukat\u0131\",\"url\":\"https:\/\/interpolavukati.com\/\",\"logo\":{\"@type\":\"ImageObject\",\"inLanguage\":\"es\",\"@id\":\"https:\/\/interpolavukati.com\/#\/schema\/logo\/image\/\",\"url\":\"https:\/\/interpolavukati.com\/wp-content\/uploads\/2021\/11\/interpol-avukati-logo-renkli-scaled.png\",\"contentUrl\":\"https:\/\/interpolavukati.com\/wp-content\/uploads\/2021\/11\/interpol-avukati-logo-renkli-scaled.png\",\"width\":1600,\"height\":533,\"caption\":\"\u0130nterpol Avukat\u0131\"},\"image\":{\"@id\":\"https:\/\/interpolavukati.com\/#\/schema\/logo\/image\/\"}},{\"@type\":\"Person\",\"@id\":\"https:\/\/interpolavukati.com\/#\/schema\/person\/b1546d41479026778a71df6b32bed778\",\"name\":\"admin\",\"image\":{\"@type\":\"ImageObject\",\"inLanguage\":\"es\",\"@id\":\"https:\/\/interpolavukati.com\/#\/schema\/person\/image\/\",\"url\":\"https:\/\/secure.gravatar.com\/avatar\/3a4192ab7a896ee82872910a2e59d54e67bb5ac0a947bc7918a43b6b88be9bd1?s=96&d=mm&r=g\",\"contentUrl\":\"https:\/\/secure.gravatar.com\/avatar\/3a4192ab7a896ee82872910a2e59d54e67bb5ac0a947bc7918a43b6b88be9bd1?s=96&d=mm&r=g\",\"caption\":\"admin\"},\"sameAs\":[\"https:\/\/interpolavukati.com\"]}]}<\/script>\n<!-- \/ Yoast SEO plugin. -->","yoast_head_json":{"title":"Proceso de extradici\u00f3n desde Turqu\u00eda debido a b\u00fasqueda de Interpol - \u0130nterpol Avukat\u0131","robots":{"index":"index","follow":"follow","max-snippet":"max-snippet:-1","max-image-preview":"max-image-preview:large","max-video-preview":"max-video-preview:-1"},"canonical":"https:\/\/interpolavukati.com\/interpol-aramasi-nedeniyle-turkiyeden-iade-edilme-sureci\/","og_locale":"es_ES","og_type":"article","og_title":"Proceso de extradici\u00f3n desde Turqu\u00eda debido a b\u00fasqueda de Interpol - \u0130nterpol Avukat\u0131","og_description":"El proceso de extradici\u00f3n desde Turqu\u00eda debido a una b\u00fasqueda de Interpol no se completa autom\u00e1ticamente al ver la notificaci\u00f3n roja. A los efectos de la extradici\u00f3n, el Estado extranjero debe presentar una solicitud de detenci\u00f3n temporal o extradici\u00f3n oficial, y las autoridades turcas deben tomar decisiones separadas en el marco de la Ley No. [&hellip;]","og_url":"https:\/\/interpolavukati.com\/interpol-aramasi-nedeniyle-turkiyeden-iade-edilme-sureci\/","og_site_name":"\u0130nterpol Avukat\u0131","article_published_time":"2026-08-07T12:20:11+00:00","author":"admin","twitter_card":"summary_large_image","twitter_misc":{"Escrito por":"admin","Tiempo de lectura":"5 minutos"},"schema":{"@context":"https:\/\/schema.org","@graph":[{"@type":"Article","@id":"https:\/\/interpolavukati.com\/interpol-aramasi-nedeniyle-turkiyeden-iade-edilme-sureci\/#article","isPartOf":{"@id":"https:\/\/interpolavukati.com\/interpol-aramasi-nedeniyle-turkiyeden-iade-edilme-sureci\/"},"author":{"name":"admin","@id":"https:\/\/interpolavukati.com\/#\/schema\/person\/b1546d41479026778a71df6b32bed778"},"headline":"Proceso de extradici\u00f3n desde Turqu\u00eda debido a b\u00fasqueda de Interpol","datePublished":"2026-08-07T12:20:11+00:00","mainEntityOfPage":{"@id":"https:\/\/interpolavukati.com\/interpol-aramasi-nedeniyle-turkiyeden-iade-edilme-sureci\/"},"wordCount":1064,"commentCount":0,"publisher":{"@id":"https:\/\/interpolavukati.com\/#organization"},"articleSection":["Blog"],"inLanguage":"es","potentialAction":[{"@type":"CommentAction","name":"Comment","target":["https:\/\/interpolavukati.com\/interpol-aramasi-nedeniyle-turkiyeden-iade-edilme-sureci\/#respond"]}]},{"@type":"WebPage","@id":"https:\/\/interpolavukati.com\/interpol-aramasi-nedeniyle-turkiyeden-iade-edilme-sureci\/","url":"https:\/\/interpolavukati.com\/interpol-aramasi-nedeniyle-turkiyeden-iade-edilme-sureci\/","name":"Proceso de extradici\u00f3n desde Turqu\u00eda debido a b\u00fasqueda de Interpol - \u0130nterpol Avukat\u0131","isPartOf":{"@id":"https:\/\/interpolavukati.com\/#website"},"datePublished":"2026-08-07T12:20:11+00:00","breadcrumb":{"@id":"https:\/\/interpolavukati.com\/interpol-aramasi-nedeniyle-turkiyeden-iade-edilme-sureci\/#breadcrumb"},"inLanguage":"es","potentialAction":[{"@type":"ReadAction","target":["https:\/\/interpolavukati.com\/interpol-aramasi-nedeniyle-turkiyeden-iade-edilme-sureci\/"]}]},{"@type":"BreadcrumbList","@id":"https:\/\/interpolavukati.com\/interpol-aramasi-nedeniyle-turkiyeden-iade-edilme-sureci\/#breadcrumb","itemListElement":[{"@type":"ListItem","position":1,"name":"Anasayfa","item":"https:\/\/interpolavukati.com\/es\/"},{"@type":"ListItem","position":2,"name":"Proceso de extradici\u00f3n desde Turqu\u00eda debido a b\u00fasqueda de Interpol"}]},{"@type":"WebSite","@id":"https:\/\/interpolavukati.com\/#website","url":"https:\/\/interpolavukati.com\/","name":"\u0130nterpol Avukat\u0131","description":"","publisher":{"@id":"https:\/\/interpolavukati.com\/#organization"},"potentialAction":[{"@type":"SearchAction","target":{"@type":"EntryPoint","urlTemplate":"https:\/\/interpolavukati.com\/?s={search_term_string}"},"query-input":{"@type":"PropertyValueSpecification","valueRequired":true,"valueName":"search_term_string"}}],"inLanguage":"es"},{"@type":"Organization","@id":"https:\/\/interpolavukati.com\/#organization","name":"\u0130nterpol Avukat\u0131","url":"https:\/\/interpolavukati.com\/","logo":{"@type":"ImageObject","inLanguage":"es","@id":"https:\/\/interpolavukati.com\/#\/schema\/logo\/image\/","url":"https:\/\/interpolavukati.com\/wp-content\/uploads\/2021\/11\/interpol-avukati-logo-renkli-scaled.png","contentUrl":"https:\/\/interpolavukati.com\/wp-content\/uploads\/2021\/11\/interpol-avukati-logo-renkli-scaled.png","width":1600,"height":533,"caption":"\u0130nterpol Avukat\u0131"},"image":{"@id":"https:\/\/interpolavukati.com\/#\/schema\/logo\/image\/"}},{"@type":"Person","@id":"https:\/\/interpolavukati.com\/#\/schema\/person\/b1546d41479026778a71df6b32bed778","name":"admin","image":{"@type":"ImageObject","inLanguage":"es","@id":"https:\/\/interpolavukati.com\/#\/schema\/person\/image\/","url":"https:\/\/secure.gravatar.com\/avatar\/3a4192ab7a896ee82872910a2e59d54e67bb5ac0a947bc7918a43b6b88be9bd1?s=96&d=mm&r=g","contentUrl":"https:\/\/secure.gravatar.com\/avatar\/3a4192ab7a896ee82872910a2e59d54e67bb5ac0a947bc7918a43b6b88be9bd1?s=96&d=mm&r=g","caption":"admin"},"sameAs":["https:\/\/interpolavukati.com"]}]}},"_links":{"self":[{"href":"https:\/\/interpolavukati.com\/es\/wp-json\/wp\/v2\/posts\/11700","targetHints":{"allow":["GET"]}}],"collection":[{"href":"https:\/\/interpolavukati.com\/es\/wp-json\/wp\/v2\/posts"}],"about":[{"href":"https:\/\/interpolavukati.com\/es\/wp-json\/wp\/v2\/types\/post"}],"author":[{"embeddable":true,"href":"https:\/\/interpolavukati.com\/es\/wp-json\/wp\/v2\/users\/1"}],"replies":[{"embeddable":true,"href":"https:\/\/interpolavukati.com\/es\/wp-json\/wp\/v2\/comments?post=11700"}],"version-history":[{"count":0,"href":"https:\/\/interpolavukati.com\/es\/wp-json\/wp\/v2\/posts\/11700\/revisions"}],"wp:attachment":[{"href":"https:\/\/interpolavukati.com\/es\/wp-json\/wp\/v2\/media?parent=11700"}],"wp:term":[{"taxonomy":"category","embeddable":true,"href":"https:\/\/interpolavukati.com\/es\/wp-json\/wp\/v2\/categories?post=11700"},{"taxonomy":"post_tag","embeddable":true,"href":"https:\/\/interpolavukati.com\/es\/wp-json\/wp\/v2\/tags?post=11700"}],"curies":[{"name":"wp","href":"https:\/\/api.w.org\/{rel}","templated":true}]}}